{"id":66277,"date":"2012-02-11T15:33:27","date_gmt":"2012-02-11T15:33:27","guid":{"rendered":"http:\/\/diariodominicano.ddns.net\/?p=66277"},"modified":"2012-02-11T15:33:27","modified_gmt":"2012-02-11T15:33:27","slug":"ministerio-de-cultura-firma-convenio-con-cuatro-entidades","status":"publish","type":"post","link":"https:\/\/diariodominicano.com\/?p=66277","title":{"rendered":"Ministerio de Cultura firma convenio con cuatro entidades"},"content":{"rendered":"<p><body><\/p>\n<p><span class=\"text1noticias\">Santo Domingo, RD 11 febrero.- El Ministerio de Cultura firm\u00f3 cuatro convenios con igual n\u00famero de entidades, con la finalidad de desarrollar acciones diversas.El ministro de Cultura, Jos\u00e9 Rafael, Lantigua firm\u00f3 acuerdos en el orden cultural y, al mismo tiempo, para ir en auxilio de agrupamientos art\u00edsticos locales. <\/span><\/p>\n<\/p>\n<p><span class=\"text1noticias\">Los acuerdos fueron realizados con el Alto Comisionado de las Naciones Unidas para los Refugiados (ACNUR), la Facultad Latinoamericana de Ciencias Sociales (FLACSO), el Teatro Guloya y el Centro de la Imagen. <\/span><\/p>\n<\/p>\n<p><span class=\"text1noticias\">La actividad conjunta se realiz\u00f3 con la presencia de los principales directivos de las entidades citadas, quienes elogiaron la disposici\u00f3n de la cartera cultural para la firma de los convenios citados.<\/span><\/p>\n<\/p>\n<p><span class=\"text1noticias\">Con el Alto Comisionado de las Naciones Unidas para los Refugiados (ACNUR), el Ministerio de Cultura laborar\u00e1 para el desarrollo de iniciativas  que promover\u00e1n \u00abuna mayor sensibilizaci\u00f3n del p\u00fablico hacia temas como la convivencia y la tolerancia entre las distintas comunidades \u00e9tnicas en la Rep\u00fablica Dominicana\u00bb.<\/span><\/p>\n<\/p>\n<p><span class=\"text1noticias\">Seg\u00fan los preceptos establecidos en los convenios, la campa\u00f1a que desarrollar\u00e1n ambas instituciones abarcar\u00e1 los temas de los derechos humanos, la discriminaci\u00f3n, el VHI y Sida, la violencia de g\u00e9nero, y la interculturalidad, en favor de las cuales se desarrollar\u00e1n diversas acciones culturales, para las cuales Naciones Unidas otorgar\u00e1 un financiamiento de 100,000 d\u00f3lares al Ministerio de Cultura. El convenio establece la realizaci\u00f3n, durante el a\u00f1o, de cinco grandes eventos relacionados con la danza, la fotograf\u00eda, el teatro, la m\u00fasica, literatura y video<\/span>.<\/p>\n<h6> 2012-02-11 15:33:27 <\/h6>\n<p><!--\n<link rel=\"stylesheet\" href=\"css\/bootstrap.min.css\">\n\n\n<ul class=\"pagination\">\n\t    \n\t\n\n<li >\n\t<a href='?page_no=17954'>Previous<\/a>\n\t<\/li>\n\n\n       \n    \n\n<li><a href='?page_no=1'>1<\/a><\/li>\n\n\n\n<li><a href='?page_no=2'>2<\/a><\/li>\n\n\n\n<li><a>...<\/a><\/li>\n\n\n\n<li><a href='?page_no=17953'>17953<\/a><\/li>\n\n\n\n<li><a href='?page_no=17954'>17954<\/a><\/li>\n\n\n\n<li class='active'><a>17955<\/a><\/li>\n\n\n\n<li><a href='?page_no=17956'>17956<\/a><\/li>\n\n\n\n<li><a href='?page_no=17957'>17957<\/a><\/li>\n\n\n\n<li><a>...<\/a><\/li>\n\n\n\n<li><a href='?page_no=22911'>22911<\/a><\/li>\n\n\n\n<li><a href='?page_no=22912'>22912<\/a><\/li>\n\n    \n\t\n\n<li >\n\t<a href='?page_no=17956'>Next<\/a>\n\t<\/li>\n\n\n    \n\n<li><a href='?page_no=22912'>Last &rsaquo;&rsaquo;<\/a><\/li>\n\n<\/ul>\n\n\n--><br \/>\n<\/body><\/p>\n","protected":false},"excerpt":{"rendered":"<p>Santo Domingo, RD 11 febrero.- El Ministerio de Cultura firm\u00f3 cuatro convenios con igual n\u00famero de entidades, con la finalidad de desarrollar acciones diversas.El ministro de Cultura, Jos\u00e9 Rafael, Lantigua firm\u00f3 acuerdos en el orden cultural y, al mismo tiempo, para ir en auxilio de agrupamientos art\u00edsticos locales. Los acuerdos fueron realizados con el Alto [&hellip;]<\/p>\n","protected":false},"author":3,"featured_media":0,"comment_status":"open","ping_status":"open","sticky":false,"template":"","format":"standard","meta":{"footnotes":""},"categories":[21],"tags":[],"class_list":["post-66277","post","type-post","status-publish","format-standard","hentry","category-cultura"],"_links":{"self":[{"href":"https:\/\/diariodominicano.com\/index.php?rest_route=\/wp\/v2\/posts\/66277","targetHints":{"allow":["GET"]}}],"collection":[{"href":"https:\/\/diariodominicano.com\/index.php?rest_route=\/wp\/v2\/posts"}],"about":[{"href":"https:\/\/diariodominicano.com\/index.php?rest_route=\/wp\/v2\/types\/post"}],"author":[{"embeddable":true,"href":"https:\/\/diariodominicano.com\/index.php?rest_route=\/wp\/v2\/users\/3"}],"replies":[{"embeddable":true,"href":"https:\/\/diariodominicano.com\/index.php?rest_route=%2Fwp%2Fv2%2Fcomments&post=66277"}],"version-history":[{"count":0,"href":"https:\/\/diariodominicano.com\/index.php?rest_route=\/wp\/v2\/posts\/66277\/revisions"}],"wp:attachment":[{"href":"https:\/\/diariodominicano.com\/index.php?rest_route=%2Fwp%2Fv2%2Fmedia&parent=66277"}],"wp:term":[{"taxonomy":"category","embeddable":true,"href":"https:\/\/diariodominicano.com\/index.php?rest_route=%2Fwp%2Fv2%2Fcategories&post=66277"},{"taxonomy":"post_tag","embeddable":true,"href":"https:\/\/diariodominicano.com\/index.php?rest_route=%2Fwp%2Fv2%2Ftags&post=66277"}],"curies":[{"name":"wp","href":"https:\/\/api.w.org\/{rel}","templated":true}]}}