{"id":66276,"date":"2012-02-11T15:37:13","date_gmt":"2012-02-11T15:37:13","guid":{"rendered":"http:\/\/diariodominicano.ddns.net\/?p=66276"},"modified":"2012-02-11T15:37:13","modified_gmt":"2012-02-11T15:37:13","slug":"constelacion-de-artistas-pondran-musica-en-carnaval-de-bonao","status":"publish","type":"post","link":"https:\/\/diariodominicano.com\/?p=66276","title":{"rendered":"Constelaci\u00f3n de artistas pondr\u00e1n m\u00fasica en Carnaval de Bonao"},"content":{"rendered":"<p><body><\/p>\n<p><span class=\"text1noticias\">Santo Domingo, RD 11 febrero.- Fernando Villalona, To\u00f1o Rosario, Omega, Juliana, Mozart la Para, Kinito M\u00e9ndez, Pochy Familia, El Jeffrey, Kiko el Presidente, Krisspy, El L\u00e1piz, Joa, La Materialista, Juli\u00e1n Oro Duro, Los Potros, Silvio Mora, Yasmil y Rafely Rosario, son algunos de los artistas que pondr\u00e1n la m\u00fasica en el Carnaval Bonao 2012. <\/span><\/p>\n<p><span class=\"text1noticias\"> <\/span><\/p>\n<p><span class=\"text1noticias\">Yoryi Castillo, Jhonatan Paladino, Francia Mar\u00eda, Melany Batista, Tony Balbuena, Pito Acevedo, S\u00faper Pana y Julio Clemente ser\u00e1n los animadores en las fiestas, cada domingo, seg\u00fan inform\u00f3 el productor Luis Medrano a DL.<\/span><\/p>\n<p><span class=\"text1noticias\"> <\/span><\/p>\n<p><span class=\"text1noticias\">El desfile carnavalesco dar\u00e1 inicio a las 2 de la tarde, con miles de macaraos, comparsas y personajes pintorescos, a todo lo largo y ancho de la avenida Duarte, donde tras el recorrido se inicia el espect\u00e1culo art\u00edstico, en el que se combinan el merengue, la bachata, el t\u00edpico y el urbano, en el parque Monse\u00f1or Nouel.<\/span><\/p>\n<p><span class=\"text1noticias\"> <\/span><\/p>\n<p><span class=\"text1noticias\">Una gran cartelera art\u00edstica actuar\u00e1 cada domingo en el Carnaval. <\/span><\/p>\n<p><span class=\"text1noticias\"> <\/span><\/p>\n<p><span class=\"text1noticias\">To\u00f1o Rosario y Krisspy ser\u00e1n los artistas que estar\u00e1n en tarima este domingo 12, como calentamiento del carnaval Mc Joa se presentar\u00e1 en s\u00e1bado junto a otros artistas de la provincia, ambas presentaciones se realizar\u00e1n en el parque Monse\u00f1or Nouel.<\/span><\/p>\n<p><span class=\"text1noticias\"> <\/span><\/p>\n<p><span class=\"text1noticias\">El carnaval se podr\u00e1 disfrutar en vivo por CERTV canal 4, Mayimbe TV canal 8 y Mang\u00fa Music Televisi\u00f3n canal 8<\/span>.<\/p>\n<h6> 2012-02-11 15:37:13 <\/h6>\n<p><!--\n<link rel=\"stylesheet\" href=\"css\/bootstrap.min.css\">\n\n\n<ul class=\"pagination\">\n\t    \n\t\n\n<li >\n\t<a href='?page_no=17953'>Previous<\/a>\n\t<\/li>\n\n\n       \n    \n\n<li><a href='?page_no=1'>1<\/a><\/li>\n\n\n\n<li><a href='?page_no=2'>2<\/a><\/li>\n\n\n\n<li><a>...<\/a><\/li>\n\n\n\n<li><a href='?page_no=17952'>17952<\/a><\/li>\n\n\n\n<li><a href='?page_no=17953'>17953<\/a><\/li>\n\n\n\n<li class='active'><a>17954<\/a><\/li>\n\n\n\n<li><a href='?page_no=17955'>17955<\/a><\/li>\n\n\n\n<li><a href='?page_no=17956'>17956<\/a><\/li>\n\n\n\n<li><a>...<\/a><\/li>\n\n\n\n<li><a href='?page_no=22911'>22911<\/a><\/li>\n\n\n\n<li><a href='?page_no=22912'>22912<\/a><\/li>\n\n    \n\t\n\n<li >\n\t<a href='?page_no=17955'>Next<\/a>\n\t<\/li>\n\n\n    \n\n<li><a href='?page_no=22912'>Last &rsaquo;&rsaquo;<\/a><\/li>\n\n<\/ul>\n\n\n--><br \/>\n<\/body><\/p>\n","protected":false},"excerpt":{"rendered":"<p>Santo Domingo, RD 11 febrero.- Fernando Villalona, To\u00f1o Rosario, Omega, Juliana, Mozart la Para, Kinito M\u00e9ndez, Pochy Familia, El Jeffrey, Kiko el Presidente, Krisspy, El L\u00e1piz, Joa, La Materialista, Juli\u00e1n Oro Duro, Los Potros, Silvio Mora, Yasmil y Rafely Rosario, son algunos de los artistas que pondr\u00e1n la m\u00fasica en el Carnaval Bonao 2012. Yoryi [&hellip;]<\/p>\n","protected":false},"author":3,"featured_media":0,"comment_status":"open","ping_status":"open","sticky":false,"template":"","format":"standard","meta":{"footnotes":""},"categories":[21],"tags":[],"class_list":["post-66276","post","type-post","status-publish","format-standard","hentry","category-cultura"],"_links":{"self":[{"href":"https:\/\/diariodominicano.com\/index.php?rest_route=\/wp\/v2\/posts\/66276","targetHints":{"allow":["GET"]}}],"collection":[{"href":"https:\/\/diariodominicano.com\/index.php?rest_route=\/wp\/v2\/posts"}],"about":[{"href":"https:\/\/diariodominicano.com\/index.php?rest_route=\/wp\/v2\/types\/post"}],"author":[{"embeddable":true,"href":"https:\/\/diariodominicano.com\/index.php?rest_route=\/wp\/v2\/users\/3"}],"replies":[{"embeddable":true,"href":"https:\/\/diariodominicano.com\/index.php?rest_route=%2Fwp%2Fv2%2Fcomments&post=66276"}],"version-history":[{"count":0,"href":"https:\/\/diariodominicano.com\/index.php?rest_route=\/wp\/v2\/posts\/66276\/revisions"}],"wp:attachment":[{"href":"https:\/\/diariodominicano.com\/index.php?rest_route=%2Fwp%2Fv2%2Fmedia&parent=66276"}],"wp:term":[{"taxonomy":"category","embeddable":true,"href":"https:\/\/diariodominicano.com\/index.php?rest_route=%2Fwp%2Fv2%2Fcategories&post=66276"},{"taxonomy":"post_tag","embeddable":true,"href":"https:\/\/diariodominicano.com\/index.php?rest_route=%2Fwp%2Fv2%2Ftags&post=66276"}],"curies":[{"name":"wp","href":"https:\/\/api.w.org\/{rel}","templated":true}]}}