{"id":66275,"date":"2012-02-11T15:46:25","date_gmt":"2012-02-11T15:46:25","guid":{"rendered":"http:\/\/diariodominicano.ddns.net\/?p=66275"},"modified":"2012-02-11T15:46:25","modified_gmt":"2012-02-11T15:46:25","slug":"ariel-cedeno-trae-al-pais-su-reciente-coleccion-ole","status":"publish","type":"post","link":"https:\/\/diariodominicano.com\/?p=66275","title":{"rendered":"Ariel Cede\u00f1o trae al pa\u00eds su reciente colecci\u00f3n Ol\u00e9"},"content":{"rendered":"<p><body><\/p>\n<p><span class=\"text1noticias\">Santo Domingo, RD 11 febrero.- El dise\u00f1ador dominicano Ariel Cede\u00f1o, dio a conocer los detalles de su colecci\u00f3n Ol\u00e9, en la que describe toda la cultura y tradiciones de Espa\u00f1a, conjugando colores como, el azul del mar mediterr\u00e1neo que representa el resplandor de los Pirineos, el suntuoso negro de las mantillas, combinado con la policrom\u00eda de los mosaicos del parque G\u00fcell.<\/span><\/p>\n<\/p>\n<p><span class=\"text1noticias\">Tambi\u00e9n la mezcla del dorado de los siglos pasados, con el colorido de la Sagrada Familia, el amarillo de su bandera y el rojo apasionado de las tardes de toros. <\/span><\/p>\n<\/p>\n<p><span class=\"text1noticias\">Cede\u00f1o invita con Ol\u00e9, a dar un paseo en carruaje sevillano por la Plaza de Abril, evocando a las espa\u00f1olas engalanadas con grandes peinetas, flores y volantes al viento. As\u00ed como a visitar los patios cordoveses y amanecer frente a la Alhambra de Granada.<\/span><\/p>\n<\/p>\n<p><span class=\"text1noticias\">El desfile se realizar\u00e1 en el RDFW, Santiago 2012, evento organizado por Jorge Diep, el 23 de febrero a las 9 de la noche<\/span>.<\/p>\n<\/p>\n<\/p>\n<h6> 2012-02-11 15:46:25 <\/h6>\n<p><!--\n<link rel=\"stylesheet\" href=\"css\/bootstrap.min.css\">\n\n\n<ul class=\"pagination\">\n\t    \n\t\n\n<li >\n\t<a href='?page_no=17952'>Previous<\/a>\n\t<\/li>\n\n\n       \n    \n\n<li><a href='?page_no=1'>1<\/a><\/li>\n\n\n\n<li><a href='?page_no=2'>2<\/a><\/li>\n\n\n\n<li><a>...<\/a><\/li>\n\n\n\n<li><a href='?page_no=17951'>17951<\/a><\/li>\n\n\n\n<li><a href='?page_no=17952'>17952<\/a><\/li>\n\n\n\n<li class='active'><a>17953<\/a><\/li>\n\n\n\n<li><a href='?page_no=17954'>17954<\/a><\/li>\n\n\n\n<li><a href='?page_no=17955'>17955<\/a><\/li>\n\n\n\n<li><a>...<\/a><\/li>\n\n\n\n<li><a href='?page_no=22911'>22911<\/a><\/li>\n\n\n\n<li><a href='?page_no=22912'>22912<\/a><\/li>\n\n    \n\t\n\n<li >\n\t<a href='?page_no=17954'>Next<\/a>\n\t<\/li>\n\n\n    \n\n<li><a href='?page_no=22912'>Last &rsaquo;&rsaquo;<\/a><\/li>\n\n<\/ul>\n\n\n--><br \/>\n<\/body><\/p>\n","protected":false},"excerpt":{"rendered":"<p>Santo Domingo, RD 11 febrero.- El dise\u00f1ador dominicano Ariel Cede\u00f1o, dio a conocer los detalles de su colecci\u00f3n Ol\u00e9, en la que describe toda la cultura y tradiciones de Espa\u00f1a, conjugando colores como, el azul del mar mediterr\u00e1neo que representa el resplandor de los Pirineos, el suntuoso negro de las mantillas, combinado con la policrom\u00eda [&hellip;]<\/p>\n","protected":false},"author":3,"featured_media":0,"comment_status":"open","ping_status":"open","sticky":false,"template":"","format":"standard","meta":{"footnotes":""},"categories":[21],"tags":[],"class_list":["post-66275","post","type-post","status-publish","format-standard","hentry","category-cultura"],"_links":{"self":[{"href":"https:\/\/diariodominicano.com\/index.php?rest_route=\/wp\/v2\/posts\/66275","targetHints":{"allow":["GET"]}}],"collection":[{"href":"https:\/\/diariodominicano.com\/index.php?rest_route=\/wp\/v2\/posts"}],"about":[{"href":"https:\/\/diariodominicano.com\/index.php?rest_route=\/wp\/v2\/types\/post"}],"author":[{"embeddable":true,"href":"https:\/\/diariodominicano.com\/index.php?rest_route=\/wp\/v2\/users\/3"}],"replies":[{"embeddable":true,"href":"https:\/\/diariodominicano.com\/index.php?rest_route=%2Fwp%2Fv2%2Fcomments&post=66275"}],"version-history":[{"count":0,"href":"https:\/\/diariodominicano.com\/index.php?rest_route=\/wp\/v2\/posts\/66275\/revisions"}],"wp:attachment":[{"href":"https:\/\/diariodominicano.com\/index.php?rest_route=%2Fwp%2Fv2%2Fmedia&parent=66275"}],"wp:term":[{"taxonomy":"category","embeddable":true,"href":"https:\/\/diariodominicano.com\/index.php?rest_route=%2Fwp%2Fv2%2Fcategories&post=66275"},{"taxonomy":"post_tag","embeddable":true,"href":"https:\/\/diariodominicano.com\/index.php?rest_route=%2Fwp%2Fv2%2Ftags&post=66275"}],"curies":[{"name":"wp","href":"https:\/\/api.w.org\/{rel}","templated":true}]}}