{"id":66274,"date":"2012-02-11T15:48:22","date_gmt":"2012-02-11T15:48:22","guid":{"rendered":"http:\/\/diariodominicano.ddns.net\/?p=66274"},"modified":"2012-02-11T15:48:22","modified_gmt":"2012-02-11T15:48:22","slug":"hoy-culmina-votacion-para-hym-del-ano-2011","status":"publish","type":"post","link":"https:\/\/diariodominicano.com\/?p=66274","title":{"rendered":"&#13;&#13;Hoy culmina votaci\u00f3n para HyM del A\u00f1o 2011&#13;"},"content":{"rendered":"<p><body><\/p>\n<p><span class=\"text1noticias\">Santo Domingo, RD 11 febrero.- Hoy finaliza la fecha l\u00edmite para votar a favor de aquellos hombres y mujeres que durante el a\u00f1o 2011 calaron en el coraz\u00f3n de muchos dominicanos a trav\u00e9s de sus aportes solidarios hacia los menos favorecidos de la sociedad.<\/span><\/p>\n<p><span class=\"text1noticias\"> <\/span><\/p>\n<p><span class=\"text1noticias\">Luego de culminada una primera etapa de nominaci\u00f3n, el pasado 12 de diciembre, fue habilitada la opci\u00f3n para votar. <\/span><\/p>\n<\/p>\n<p><span class=\"text1noticias\">Los interesados acced\u00edan al banner de \u00abHombre y Mujer del A\u00f1o\u00bb, en el portal de Diario Libre y as\u00ed participaban en la votaci\u00f3n. <\/span><\/p>\n<\/p>\n<p><span class=\"text1noticias\">Al finalizar esta segunda etapa, ser\u00e1n seleccionados 10 finalistas que ser\u00e1n evaluados por un jurado presidido por Adriano Miguel Tejada, director de Diario Libre<\/span>.<\/p>\n<h6> 2012-02-11 15:48:22 <\/h6>\n<p><!--\n<link rel=\"stylesheet\" href=\"css\/bootstrap.min.css\">\n\n\n<ul class=\"pagination\">\n\t    \n\t\n\n<li >\n\t<a href='?page_no=17951'>Previous<\/a>\n\t<\/li>\n\n\n       \n    \n\n<li><a href='?page_no=1'>1<\/a><\/li>\n\n\n\n<li><a href='?page_no=2'>2<\/a><\/li>\n\n\n\n<li><a>...<\/a><\/li>\n\n\n\n<li><a href='?page_no=17950'>17950<\/a><\/li>\n\n\n\n<li><a href='?page_no=17951'>17951<\/a><\/li>\n\n\n\n<li class='active'><a>17952<\/a><\/li>\n\n\n\n<li><a href='?page_no=17953'>17953<\/a><\/li>\n\n\n\n<li><a href='?page_no=17954'>17954<\/a><\/li>\n\n\n\n<li><a>...<\/a><\/li>\n\n\n\n<li><a href='?page_no=22911'>22911<\/a><\/li>\n\n\n\n<li><a href='?page_no=22912'>22912<\/a><\/li>\n\n    \n\t\n\n<li >\n\t<a href='?page_no=17953'>Next<\/a>\n\t<\/li>\n\n\n    \n\n<li><a href='?page_no=22912'>Last &rsaquo;&rsaquo;<\/a><\/li>\n\n<\/ul>\n\n\n--><br \/>\n<\/body><\/p>\n","protected":false},"excerpt":{"rendered":"<p>Santo Domingo, RD 11 febrero.- Hoy finaliza la fecha l\u00edmite para votar a favor de aquellos hombres y mujeres que durante el a\u00f1o 2011 calaron en el coraz\u00f3n de muchos dominicanos a trav\u00e9s de sus aportes solidarios hacia los menos favorecidos de la sociedad. Luego de culminada una primera etapa de nominaci\u00f3n, el pasado 12 [&hellip;]<\/p>\n","protected":false},"author":3,"featured_media":0,"comment_status":"open","ping_status":"open","sticky":false,"template":"","format":"standard","meta":{"footnotes":""},"categories":[21],"tags":[],"class_list":["post-66274","post","type-post","status-publish","format-standard","hentry","category-cultura"],"_links":{"self":[{"href":"https:\/\/diariodominicano.com\/index.php?rest_route=\/wp\/v2\/posts\/66274","targetHints":{"allow":["GET"]}}],"collection":[{"href":"https:\/\/diariodominicano.com\/index.php?rest_route=\/wp\/v2\/posts"}],"about":[{"href":"https:\/\/diariodominicano.com\/index.php?rest_route=\/wp\/v2\/types\/post"}],"author":[{"embeddable":true,"href":"https:\/\/diariodominicano.com\/index.php?rest_route=\/wp\/v2\/users\/3"}],"replies":[{"embeddable":true,"href":"https:\/\/diariodominicano.com\/index.php?rest_route=%2Fwp%2Fv2%2Fcomments&post=66274"}],"version-history":[{"count":0,"href":"https:\/\/diariodominicano.com\/index.php?rest_route=\/wp\/v2\/posts\/66274\/revisions"}],"wp:attachment":[{"href":"https:\/\/diariodominicano.com\/index.php?rest_route=%2Fwp%2Fv2%2Fmedia&parent=66274"}],"wp:term":[{"taxonomy":"category","embeddable":true,"href":"https:\/\/diariodominicano.com\/index.php?rest_route=%2Fwp%2Fv2%2Fcategories&post=66274"},{"taxonomy":"post_tag","embeddable":true,"href":"https:\/\/diariodominicano.com\/index.php?rest_route=%2Fwp%2Fv2%2Ftags&post=66274"}],"curies":[{"name":"wp","href":"https:\/\/api.w.org\/{rel}","templated":true}]}}