{"id":66272,"date":"2012-02-11T21:12:33","date_gmt":"2012-02-11T21:12:33","guid":{"rendered":"http:\/\/diariodominicano.ddns.net\/?p=66272"},"modified":"2012-02-11T21:12:33","modified_gmt":"2012-02-11T21:12:33","slug":"cultura-participa-en-feria-del-libro-de-cuba","status":"publish","type":"post","link":"https:\/\/diariodominicano.com\/?p=66272","title":{"rendered":"Cultura participa en Feria del Libro de Cuba"},"content":{"rendered":"<p><body><\/p>\n<p><img decoding=\"async\" src=\"img3\/culturacuba.JPG\" \/>  <\/p>\n<p><span class=\"text1noticias\">LA HABANA, Cuba, 11 de Febrero.- La Feria Internacional del Libro Cuba 2012 se inici\u00f3 este jueves, bajo el lema \u00abLeer es crecer\u00bb, con la presencia de los 14 estados insulares del Caribe, incluyendo Rep\u00fablica Dominicana, como invitados de honor.<\/span><\/p>\n<\/p>\n<p><span class=\"text1noticias\">El Ministro de Cultura dominicano, Jos\u00e9 Rafael Lantigua, ha presidido la actividad, junto al Ministro de Cultura cubano, Abel Prieto, el Vicepresidente del Consejo de Estado cubano, Esteban Lazo, la Ministra de Cultura de Jamaica, Lissa Hanna, la Presidenta del Instituto Cubano del Libro, Zuleika Romay, entre otros, en un concurrido acto celebrado en el recinto ferial de San Carlos de la Caba\u00f1a.<\/span><\/p>\n<\/p>\n<p><span class=\"text1noticias\">La Rep\u00fablica Dominicana participa con un activo pabell\u00f3n donde se encuentra un amplio muestrario de autores dominicanos, destinados todos a la venta, y un programa que incluye las presentaciones  de libros de varios escritores. El pabell\u00f3n es atendido por talleristas literarios dominicanos, los cuales tienen un programa de intercambio desde hace varios a\u00f1os con talleristas cubanos del Centro Literario Onelio Jorge Cardoso. <\/span><\/p>\n<\/p>\n<p><span class=\"text1noticias\">En la actividad se pondr\u00e1n a circular los 15 primeros vol\u00famenes de las obras completas de Max Henr\u00edquez Ure\u00f1a, con presentaciones del poeta Le\u00f3n F\u00e9lix Batista, Director de la Editora Nacional, y del historiador Luis Felipe C\u00e9spedes Espinosa, de la Universidad de La Habana.<\/span><\/p>\n<\/p>\n<p><span class=\"text1noticias\">Igualmente, se presentar\u00e1n los libros \u00abAntes de que pierda la memoria\u00bb y \u00abCelebrando la vida\u00bb, de Freddy Ginebra; la novela \u00abMi coraz\u00f3n tiembla en la sombra\u00bb y los libros de cuentos \u00abEl callej\u00f3n de las flores\u00bb y \u00abMujeres de vida alegre\u00bb de Ligia Minaya.<\/span><\/p>\n<\/p>\n<p><span class=\"text1noticias\">Tambi\u00e9n, el libro de cuentos \u00abPapeles de Astarot\u00bb de Pedro Antonio Valdez, publicado por la Editorial Arte y Literatura, de Cuba; y \u00abLeyendas dominicanas\u00bb de Eleanor Grimaldi y Margarita Luciano de Sang, publicado por Ediciones Uni\u00f3n, de Cuba. Estas obras ser\u00e1n presentadas por la editora cubana Olga Martha P\u00e9rez.<\/span><\/p>\n<\/p>\n<p><span class=\"text1noticias\">Grimaldi y Luciano participar\u00e1n, adem\u00e1s, en un panel en el Pabell\u00f3n Infantil sobre el t\u00edtulo \u00abUn mismo Caribe para todos\u00bb, donde expondr\u00e1n escritoras de literatura infantil de Puerto Rico, Colombia, Estados Unidos, Barbados, Curazao y Rep\u00fablica Dominicana.<\/span><\/p>\n<\/p>\n<p><span class=\"text1noticias\">Otra importante actividad ser\u00e1 la presentaci\u00f3n de los Cuentos Completos del narrador cubano Eduardo Heras Le\u00f3n, publicados en el sello Ediciones de Cultura. La presentaci\u00f3n de la obra estar\u00e1 a cargo del ministro dominicano Jos\u00e9 Rafael Lantigua, y del escritor cubano Francisco L\u00f3pez Sacha.<\/span><\/p>\n<\/p>\n<p><span class=\"text1noticias\">En la feria participa tambi\u00e9n el novelista dominicano Marcio Veloz Maggiolo, quien presentar\u00e1 algunos de sus libros y disertar\u00e1 sobre literatura y antropolog\u00eda dominicana.<\/span><\/p>\n<\/p>\n<p><span class=\"text1noticias\">Como complemento, se exhibir\u00e1 una muestra de cortos, documentales y pel\u00edculas procedentes de la Rep\u00fablica Dominicana y otros pa\u00edses de Am\u00e9rica Latina. <\/span><\/p>\n<\/p>\n<p><span class=\"text1noticias\">La 21\u00aa Feria Internacional del Libro de La Habana se realizar\u00e1 durante 11 d\u00edas, con un amplio programa que incluye unas 800 actividades literarias, profesionales, acad\u00e9micas y art\u00edsticas, entre ellas 534 presentaciones de libros. Se realiza al aire libre en la fortaleza El Morro-La Caba\u00f1a. Est\u00e1 dedicada este a\u00f1o a los escritores cubanos Zoila Lapique Becali y Ambrosio Fornet. Se extender\u00e1 hasta el 19 de febrero<\/span>.<\/p>\n<h6> 2012-02-11 21:12:33 <\/h6>\n<p><!--\n<link rel=\"stylesheet\" href=\"css\/bootstrap.min.css\">\n\n\n<ul class=\"pagination\">\n\t    \n\t\n\n<li >\n\t<a href='?page_no=17949'>Previous<\/a>\n\t<\/li>\n\n\n       \n    \n\n<li><a href='?page_no=1'>1<\/a><\/li>\n\n\n\n<li><a href='?page_no=2'>2<\/a><\/li>\n\n\n\n<li><a>...<\/a><\/li>\n\n\n\n<li><a href='?page_no=17948'>17948<\/a><\/li>\n\n\n\n<li><a href='?page_no=17949'>17949<\/a><\/li>\n\n\n\n<li class='active'><a>17950<\/a><\/li>\n\n\n\n<li><a href='?page_no=17951'>17951<\/a><\/li>\n\n\n\n<li><a href='?page_no=17952'>17952<\/a><\/li>\n\n\n\n<li><a>...<\/a><\/li>\n\n\n\n<li><a href='?page_no=22911'>22911<\/a><\/li>\n\n\n\n<li><a href='?page_no=22912'>22912<\/a><\/li>\n\n    \n\t\n\n<li >\n\t<a href='?page_no=17951'>Next<\/a>\n\t<\/li>\n\n\n    \n\n<li><a href='?page_no=22912'>Last &rsaquo;&rsaquo;<\/a><\/li>\n\n<\/ul>\n\n\n--><br \/>\n<\/body><\/p>\n","protected":false},"excerpt":{"rendered":"<p>LA HABANA, Cuba, 11 de Febrero.- La Feria Internacional del Libro Cuba 2012 se inici\u00f3 este jueves, bajo el lema \u00abLeer es crecer\u00bb, con la presencia de los 14 estados insulares del Caribe, incluyendo Rep\u00fablica Dominicana, como invitados de honor. El Ministro de Cultura dominicano, Jos\u00e9 Rafael Lantigua, ha presidido la actividad, junto al Ministro [&hellip;]<\/p>\n","protected":false},"author":3,"featured_media":0,"comment_status":"open","ping_status":"open","sticky":false,"template":"","format":"standard","meta":{"footnotes":""},"categories":[21],"tags":[],"class_list":["post-66272","post","type-post","status-publish","format-standard","hentry","category-cultura"],"_links":{"self":[{"href":"https:\/\/diariodominicano.com\/index.php?rest_route=\/wp\/v2\/posts\/66272","targetHints":{"allow":["GET"]}}],"collection":[{"href":"https:\/\/diariodominicano.com\/index.php?rest_route=\/wp\/v2\/posts"}],"about":[{"href":"https:\/\/diariodominicano.com\/index.php?rest_route=\/wp\/v2\/types\/post"}],"author":[{"embeddable":true,"href":"https:\/\/diariodominicano.com\/index.php?rest_route=\/wp\/v2\/users\/3"}],"replies":[{"embeddable":true,"href":"https:\/\/diariodominicano.com\/index.php?rest_route=%2Fwp%2Fv2%2Fcomments&post=66272"}],"version-history":[{"count":0,"href":"https:\/\/diariodominicano.com\/index.php?rest_route=\/wp\/v2\/posts\/66272\/revisions"}],"wp:attachment":[{"href":"https:\/\/diariodominicano.com\/index.php?rest_route=%2Fwp%2Fv2%2Fmedia&parent=66272"}],"wp:term":[{"taxonomy":"category","embeddable":true,"href":"https:\/\/diariodominicano.com\/index.php?rest_route=%2Fwp%2Fv2%2Fcategories&post=66272"},{"taxonomy":"post_tag","embeddable":true,"href":"https:\/\/diariodominicano.com\/index.php?rest_route=%2Fwp%2Fv2%2Ftags&post=66272"}],"curies":[{"name":"wp","href":"https:\/\/api.w.org\/{rel}","templated":true}]}}