{"id":66271,"date":"2012-02-12T14:08:48","date_gmt":"2012-02-12T14:08:48","guid":{"rendered":"http:\/\/diariodominicano.ddns.net\/?p=66271"},"modified":"2012-02-12T14:08:48","modified_gmt":"2012-02-12T14:08:48","slug":"ministerio-de-cultura-dona-15-mil-libros-para-biblioteca-de-la-uasd","status":"publish","type":"post","link":"https:\/\/diariodominicano.com\/?p=66271","title":{"rendered":"Ministerio de Cultura dona 15 mil libros para biblioteca de la UASD"},"content":{"rendered":"<p><body><\/p>\n<p><img decoding=\"async\" src=\"img3\/culturauasd.JPG\" \/>  <\/p>\n<p><span class=\"text1noticias\">Rep.Dom, 12 de Febrero.- El Ministerio de Cultura don\u00f3 15 mil libros de diferentes \u00e1reas del conocimiento a la Universidad Aut\u00f3noma de Santo Domingo (UASD), para que sean colocados en la biblioteca Pedro Mir, ubicada en la sede central de la academia.<\/span><\/p>\n<p><span class=\"text1noticias\"> <\/span><\/p>\n<p><span class=\"text1noticias\">La entrega de los vol\u00famenes fue hecha formalmente por el propio ministro de la cartera, Jos\u00e9 Rafael Lantigua, al rector de la casa de altos estudios, Mateo Aquino Febrillet, durante un acto realizado en el despacho de la Rector\u00eda.<\/span><\/p>\n<p><span class=\"text1noticias\"> <\/span><\/p>\n<p><span class=\"text1noticias\">Aquino Febrillet agradeci\u00f3 el gesto del ministro de Cultura y garantiz\u00f3  que esta obras ser\u00e1n muy bien cuidadas por la Universidad.<\/span><\/p>\n<p><span class=\"text1noticias\"> <\/span><\/p>\n<p><span class=\"text1noticias\">Destac\u00f3 que esta donaci\u00f3n es de mucho valor no solo por el significativo aporte cultural que tiene, sino adem\u00e1s por que los libros  obsequiados fueron debidamente seleccionados, catalogados y organizados de acuerdo a las necesidades de la biblioteca.<\/span><\/p>\n<p><span class=\"text1noticias\"> <\/span><\/p>\n<p><span class=\"text1noticias\">Por su lado, Lantigua inform\u00f3 que los libros est\u00e1n clasificados y preparados para ser usados en la referida biblioteca y estar a disposici\u00f3n de los estudiantes universitarios, al tiempo de puntualizar que hay de todas las \u00e1reas, como son:   Derecho, Medicina, Tecnolog\u00eda, Teolog\u00eda, Inform\u00e1tica, Sociolog\u00eda, Idiomas y otras.<\/span><\/p>\n<p><span class=\"text1noticias\"> <\/span><\/p>\n<p><span class=\"text1noticias\">Indic\u00f3 que esta acci\u00f3n de donaci\u00f3n de libros se har\u00e1 tambi\u00e9n en las dem\u00e1s bibliotecas universitarias del pa\u00eds, pero aclar\u00f3 que el mayor n\u00famero de vol\u00famenes se le har\u00e1 a la de la UASD.<\/span><\/p>\n<p><span class=\"text1noticias\">  <\/span><\/p>\n<p><span class=\"text1noticias\">En el acto estuvieron presentes adem\u00e1s, la vicerrectora Administrativa de la academia, Emma Polanco;  el director de la biblioteca Pedro Mir, C\u00e9sar Zapata, y los funcionarios de Cultura, Eleonor Grimaldi y Carlos Mena<\/span>.<\/p>\n<h6> 2012-02-12 14:08:48 <\/h6>\n<p><!--\n<link rel=\"stylesheet\" href=\"css\/bootstrap.min.css\">\n\n\n<ul class=\"pagination\">\n\t    \n\t\n\n<li >\n\t<a href='?page_no=17948'>Previous<\/a>\n\t<\/li>\n\n\n       \n    \n\n<li><a href='?page_no=1'>1<\/a><\/li>\n\n\n\n<li><a href='?page_no=2'>2<\/a><\/li>\n\n\n\n<li><a>...<\/a><\/li>\n\n\n\n<li><a href='?page_no=17947'>17947<\/a><\/li>\n\n\n\n<li><a href='?page_no=17948'>17948<\/a><\/li>\n\n\n\n<li class='active'><a>17949<\/a><\/li>\n\n\n\n<li><a href='?page_no=17950'>17950<\/a><\/li>\n\n\n\n<li><a href='?page_no=17951'>17951<\/a><\/li>\n\n\n\n<li><a>...<\/a><\/li>\n\n\n\n<li><a href='?page_no=22911'>22911<\/a><\/li>\n\n\n\n<li><a href='?page_no=22912'>22912<\/a><\/li>\n\n    \n\t\n\n<li >\n\t<a href='?page_no=17950'>Next<\/a>\n\t<\/li>\n\n\n    \n\n<li><a href='?page_no=22912'>Last &rsaquo;&rsaquo;<\/a><\/li>\n\n<\/ul>\n\n\n--><br \/>\n<\/body><\/p>\n","protected":false},"excerpt":{"rendered":"<p>Rep.Dom, 12 de Febrero.- El Ministerio de Cultura don\u00f3 15 mil libros de diferentes \u00e1reas del conocimiento a la Universidad Aut\u00f3noma de Santo Domingo (UASD), para que sean colocados en la biblioteca Pedro Mir, ubicada en la sede central de la academia. La entrega de los vol\u00famenes fue hecha formalmente por el propio ministro de [&hellip;]<\/p>\n","protected":false},"author":3,"featured_media":0,"comment_status":"open","ping_status":"open","sticky":false,"template":"","format":"standard","meta":{"footnotes":""},"categories":[21],"tags":[],"class_list":["post-66271","post","type-post","status-publish","format-standard","hentry","category-cultura"],"_links":{"self":[{"href":"https:\/\/diariodominicano.com\/index.php?rest_route=\/wp\/v2\/posts\/66271","targetHints":{"allow":["GET"]}}],"collection":[{"href":"https:\/\/diariodominicano.com\/index.php?rest_route=\/wp\/v2\/posts"}],"about":[{"href":"https:\/\/diariodominicano.com\/index.php?rest_route=\/wp\/v2\/types\/post"}],"author":[{"embeddable":true,"href":"https:\/\/diariodominicano.com\/index.php?rest_route=\/wp\/v2\/users\/3"}],"replies":[{"embeddable":true,"href":"https:\/\/diariodominicano.com\/index.php?rest_route=%2Fwp%2Fv2%2Fcomments&post=66271"}],"version-history":[{"count":0,"href":"https:\/\/diariodominicano.com\/index.php?rest_route=\/wp\/v2\/posts\/66271\/revisions"}],"wp:attachment":[{"href":"https:\/\/diariodominicano.com\/index.php?rest_route=%2Fwp%2Fv2%2Fmedia&parent=66271"}],"wp:term":[{"taxonomy":"category","embeddable":true,"href":"https:\/\/diariodominicano.com\/index.php?rest_route=%2Fwp%2Fv2%2Fcategories&post=66271"},{"taxonomy":"post_tag","embeddable":true,"href":"https:\/\/diariodominicano.com\/index.php?rest_route=%2Fwp%2Fv2%2Ftags&post=66271"}],"curies":[{"name":"wp","href":"https:\/\/api.w.org\/{rel}","templated":true}]}}