{"id":66270,"date":"2012-02-12T15:18:13","date_gmt":"2012-02-12T15:18:13","guid":{"rendered":"http:\/\/diariodominicano.ddns.net\/?p=66270"},"modified":"2012-02-12T15:18:13","modified_gmt":"2012-02-12T15:18:13","slug":"superintendencia-de-seguros-deposita-ofrenda-floral-con-motivo-del-mes-de-la-patria","status":"publish","type":"post","link":"https:\/\/diariodominicano.com\/?p=66270","title":{"rendered":"&#13;Superintendencia de Seguros deposita ofrenda floral con motivo del mes de la patria"},"content":{"rendered":"<p><body><\/p>\n<p><img decoding=\"async\" src=\"img3\/seguro.JPG\" \/>  <\/p>\n<p><span class=\"text1noticias\">Rep.Dom, 12 de Febrero.- Con motivo de la celebraci\u00f3n del mes de la Patria la Superintendencia de Seguros deposit\u00f3 una ofrenda floral en el Altar de la Patria, donde reposan los restos de los patricios Juan Pablo Duarte, Mat\u00edas Ram\u00f3n Mella y Francisco del Rosario S\u00e1nchez.<\/span><\/p>\n<\/p>\n<p><span class=\"text1noticias\">La actividad inici\u00f3 con las notas del Himno Nacional, luego de la cual el licenciado Juan Felipe Cabrera, Director de Estad\u00edsticas de la dependencia, ofreci\u00f3 unas palabras en las que resalt\u00f3 que a Duarte como un visionario e ide\u00f3logo de la lucha contra la invasi\u00f3n haitiana para conseguir la Independencia Nacional.<\/span><\/p>\n<p><span class=\"text1noticias\"> <\/span><\/p>\n<p><span class=\"text1noticias\">Cabrera dijo que \u00abconmemoramos el Mes de la Patria, marcando su inicio la celebraci\u00f3n del natalicio de Duarte para culminar con nuestra gloriosa Independencia Nacional\u00bb. Se\u00f1al\u00f3 que las  actividades conmemorativas del Mes de la Patria son apoyadas por la Superintendencia de Seguros cada a\u00f1o, en coordinaci\u00f3n con la Comisi\u00f3n Permanente de Efem\u00e9rides Patria.  \u00abHoy rendimos tributo a lo m\u00e1s elevado de la dominicanidad, en este Altar que identifica nuestros valores y s\u00edmbolos patrios\u00bb, precis\u00f3.<\/span><\/p>\n<\/p>\n<p><span class=\"text1noticias\"> El funcionario hizo un recuento hist\u00f3rico del accionar de Juan Pablo Duarte y de los demas patricios, resaltando el valor y en la entrega a favor de la causa de la Independencia que hoy podemos exhibir al mundo. <\/span><\/p>\n<\/p>\n<p><span class=\"text1noticias\">\u00abEn nombre del Dr. Euclides Guti\u00e9rrez F\u00e9lix, Ministro, Encargado de la Superintendencia de Seguros, deseamos dejar constancia del compromiso que nos mueve, honrar y enaltecer nuestros valores patrios, y con ello, recordar el amor y entrega de tantos hombres y mujeres valiosos que dieron sus vidas por dejarnos en herencia una patria libre y soberana.\u00bb Resalt\u00f3.<\/span><\/p>\n<\/p>\n<p><span class=\"text1noticias\">La actividad cont\u00f3 con la asistencia de empleados y funcionarios de la entidad Reguladora y concluy\u00f3 con la entonaci\u00f3n del himno al patricio Juan Pablo Duarte<\/span>.<\/p>\n<h6> 2012-02-12 15:18:13 <\/h6>\n<p><!--\n<link rel=\"stylesheet\" href=\"css\/bootstrap.min.css\">\n\n\n<ul class=\"pagination\">\n\t    \n\t\n\n<li >\n\t<a href='?page_no=17947'>Previous<\/a>\n\t<\/li>\n\n\n       \n    \n\n<li><a href='?page_no=1'>1<\/a><\/li>\n\n\n\n<li><a href='?page_no=2'>2<\/a><\/li>\n\n\n\n<li><a>...<\/a><\/li>\n\n\n\n<li><a href='?page_no=17946'>17946<\/a><\/li>\n\n\n\n<li><a href='?page_no=17947'>17947<\/a><\/li>\n\n\n\n<li class='active'><a>17948<\/a><\/li>\n\n\n\n<li><a href='?page_no=17949'>17949<\/a><\/li>\n\n\n\n<li><a href='?page_no=17950'>17950<\/a><\/li>\n\n\n\n<li><a>...<\/a><\/li>\n\n\n\n<li><a href='?page_no=22911'>22911<\/a><\/li>\n\n\n\n<li><a href='?page_no=22912'>22912<\/a><\/li>\n\n    \n\t\n\n<li >\n\t<a href='?page_no=17949'>Next<\/a>\n\t<\/li>\n\n\n    \n\n<li><a href='?page_no=22912'>Last &rsaquo;&rsaquo;<\/a><\/li>\n\n<\/ul>\n\n\n--><br \/>\n<\/body><\/p>\n","protected":false},"excerpt":{"rendered":"<p>Rep.Dom, 12 de Febrero.- Con motivo de la celebraci\u00f3n del mes de la Patria la Superintendencia de Seguros deposit\u00f3 una ofrenda floral en el Altar de la Patria, donde reposan los restos de los patricios Juan Pablo Duarte, Mat\u00edas Ram\u00f3n Mella y Francisco del Rosario S\u00e1nchez. La actividad inici\u00f3 con las notas del Himno Nacional, [&hellip;]<\/p>\n","protected":false},"author":3,"featured_media":0,"comment_status":"open","ping_status":"open","sticky":false,"template":"","format":"standard","meta":{"footnotes":""},"categories":[21],"tags":[],"class_list":["post-66270","post","type-post","status-publish","format-standard","hentry","category-cultura"],"_links":{"self":[{"href":"https:\/\/diariodominicano.com\/index.php?rest_route=\/wp\/v2\/posts\/66270","targetHints":{"allow":["GET"]}}],"collection":[{"href":"https:\/\/diariodominicano.com\/index.php?rest_route=\/wp\/v2\/posts"}],"about":[{"href":"https:\/\/diariodominicano.com\/index.php?rest_route=\/wp\/v2\/types\/post"}],"author":[{"embeddable":true,"href":"https:\/\/diariodominicano.com\/index.php?rest_route=\/wp\/v2\/users\/3"}],"replies":[{"embeddable":true,"href":"https:\/\/diariodominicano.com\/index.php?rest_route=%2Fwp%2Fv2%2Fcomments&post=66270"}],"version-history":[{"count":0,"href":"https:\/\/diariodominicano.com\/index.php?rest_route=\/wp\/v2\/posts\/66270\/revisions"}],"wp:attachment":[{"href":"https:\/\/diariodominicano.com\/index.php?rest_route=%2Fwp%2Fv2%2Fmedia&parent=66270"}],"wp:term":[{"taxonomy":"category","embeddable":true,"href":"https:\/\/diariodominicano.com\/index.php?rest_route=%2Fwp%2Fv2%2Fcategories&post=66270"},{"taxonomy":"post_tag","embeddable":true,"href":"https:\/\/diariodominicano.com\/index.php?rest_route=%2Fwp%2Fv2%2Ftags&post=66270"}],"curies":[{"name":"wp","href":"https:\/\/api.w.org\/{rel}","templated":true}]}}