{"id":66268,"date":"2012-02-12T19:47:27","date_gmt":"2012-02-12T19:47:27","guid":{"rendered":"http:\/\/diariodominicano.ddns.net\/?p=66268"},"modified":"2012-02-12T19:47:27","modified_gmt":"2012-02-12T19:47:27","slug":"con-tributo-a-la-profesora-nereyda-rodriguez-celebran-dia-del-folkor","status":"publish","type":"post","link":"https:\/\/diariodominicano.com\/?p=66268","title":{"rendered":"Con tributo a la profesora Nereyda Rodr\u00edguez, celebran D\u00eda del Folk\u00f3r"},"content":{"rendered":"<p><body><\/p>\n<p><span class=\"text1noticias\">Santo Domingo, RD 12 febrero.- Diversas instituciones culturales celebraron ayer el D\u00eda Nacional del Folclor con el Espect\u00e1culo \u00abQuisqueya\u00bb, que sirve como escenario para rendir homenaje p\u00f3stumo a la Gloria Nacional de la Danza y Valor Cultural, la profesora Nereyda Rodr\u00edguez.<\/span><\/p>\n<\/p>\n<p><span class=\"text1noticias\">Con esa celebraci\u00f3n rindieron tributo a la gran profesora, y brindamos un espect\u00e1culo de proyecci\u00f3n folcl\u00f3rica realizando un paseo por nuestros diferentes ritmos folcl\u00f3ricos como son el pri pri, palos, bamboula, machac\u00f3, pasa pie, merengue entre otros. Con la participaci\u00f3n de m\u00e1s de sesenta artistas de la Compa\u00f1\u00eda Teatro Popular Danzante, y de las escuelas de INDARTE y FUNTEPOD.<\/span><\/p>\n<\/p>\n<p><span class=\"text1noticias\">Jos\u00e9 Cuello, director de la Direcci\u00f3n Cultura Barrial dijo: \u00abEs un d\u00eda maravilloso, celebrar el D\u00eda Nacional del Folclor homenajeando a mi profesora, mi amiga, mi consejera Do\u00f1a Nereyda, es inolvidable, es uno de esos d\u00edas grandes de nuestra vida porque mantenemos presente cada momento a nuestros gentes que amamos y tanto han aportado a nuestra cultura\u00bb.<\/span><\/p>\n<\/p>\n<p><span class=\"text1noticias\">La actividad la organizaron Fundaci\u00f3n Teatro Popular Danzante, Inc, (FUNTEPOD), el Instituto para el Desarrollo de las Artes y la Educaci\u00f3n, Inc. (INDARTE) y la Direcci\u00f3n de Cultura Barrial del Ministerio de Cultura.<\/span><\/p>\n<\/p>\n<p><span class=\"text1noticias\">Senia Rodr\u00edguez, directora de FUNTEPOD e hija de la maestra Nereyda, expres\u00f3 \u00abMe siento muy bendecida al poder realizar junto a este equipo de personas este homenaje a mi madre, ya que ella quer\u00eda celebrar este d\u00eda dedicado al folclor, este es un montaje del cual ella fue participe\u00bb. Concluy\u00f3.<\/span><\/p>\n<\/p>\n<p><span class=\"text1noticias\">Aldenia Marte, directivo de INDARTE, expresa el agradecimiento de \u00e9sta instituci\u00f3n y del barrio Capotillo, \u00abEsta gran maestra lleg\u00f3 a nuestra comunidad, contribuy\u00f3 con la creaci\u00f3n del Carnaval de Capotillo, de la Escuela de Artes Profesor Juan Bosch, y se mantuvo siempre como parte importante de nuestro trabajo cultural, sin esperar nada a cambio que no fuera ayudar al desarrollo de las artes en nuestro barrio\u00bb.<\/span><\/p>\n<\/p>\n<p><span class=\"text1noticias\">La puesta en escena del Espect\u00e1culo Quisqueya cuenta con la coreograf\u00eda y direcci\u00f3n de Senia Rodr\u00edguez, con la asistencia de Alexander Duval, La producci\u00f3n general es responsabilidad de Senia Rodr\u00edguez, Jos\u00e9 Cuello y Aldenia Marte. La m\u00fasica ha sido ejecutada por los m\u00fasicos de FUNTEPOD e INDARTE. Con una participaci\u00f3n de Atabales de Capotillo<\/span>. <\/p>\n<\/p>\n<h6> 2012-02-12 19:47:27 <\/h6>\n<p><!--\n<link rel=\"stylesheet\" href=\"css\/bootstrap.min.css\">\n\n\n<ul class=\"pagination\">\n\t    \n\t\n\n<li >\n\t<a href='?page_no=17945'>Previous<\/a>\n\t<\/li>\n\n\n       \n    \n\n<li><a href='?page_no=1'>1<\/a><\/li>\n\n\n\n<li><a href='?page_no=2'>2<\/a><\/li>\n\n\n\n<li><a>...<\/a><\/li>\n\n\n\n<li><a href='?page_no=17944'>17944<\/a><\/li>\n\n\n\n<li><a href='?page_no=17945'>17945<\/a><\/li>\n\n\n\n<li class='active'><a>17946<\/a><\/li>\n\n\n\n<li><a href='?page_no=17947'>17947<\/a><\/li>\n\n\n\n<li><a href='?page_no=17948'>17948<\/a><\/li>\n\n\n\n<li><a>...<\/a><\/li>\n\n\n\n<li><a href='?page_no=22911'>22911<\/a><\/li>\n\n\n\n<li><a href='?page_no=22912'>22912<\/a><\/li>\n\n    \n\t\n\n<li >\n\t<a href='?page_no=17947'>Next<\/a>\n\t<\/li>\n\n\n    \n\n<li><a href='?page_no=22912'>Last &rsaquo;&rsaquo;<\/a><\/li>\n\n<\/ul>\n\n\n--><br \/>\n<\/body><\/p>\n","protected":false},"excerpt":{"rendered":"<p>Santo Domingo, RD 12 febrero.- Diversas instituciones culturales celebraron ayer el D\u00eda Nacional del Folclor con el Espect\u00e1culo \u00abQuisqueya\u00bb, que sirve como escenario para rendir homenaje p\u00f3stumo a la Gloria Nacional de la Danza y Valor Cultural, la profesora Nereyda Rodr\u00edguez. Con esa celebraci\u00f3n rindieron tributo a la gran profesora, y brindamos un espect\u00e1culo de [&hellip;]<\/p>\n","protected":false},"author":3,"featured_media":0,"comment_status":"open","ping_status":"open","sticky":false,"template":"","format":"standard","meta":{"footnotes":""},"categories":[21],"tags":[],"class_list":["post-66268","post","type-post","status-publish","format-standard","hentry","category-cultura"],"_links":{"self":[{"href":"https:\/\/diariodominicano.com\/index.php?rest_route=\/wp\/v2\/posts\/66268","targetHints":{"allow":["GET"]}}],"collection":[{"href":"https:\/\/diariodominicano.com\/index.php?rest_route=\/wp\/v2\/posts"}],"about":[{"href":"https:\/\/diariodominicano.com\/index.php?rest_route=\/wp\/v2\/types\/post"}],"author":[{"embeddable":true,"href":"https:\/\/diariodominicano.com\/index.php?rest_route=\/wp\/v2\/users\/3"}],"replies":[{"embeddable":true,"href":"https:\/\/diariodominicano.com\/index.php?rest_route=%2Fwp%2Fv2%2Fcomments&post=66268"}],"version-history":[{"count":0,"href":"https:\/\/diariodominicano.com\/index.php?rest_route=\/wp\/v2\/posts\/66268\/revisions"}],"wp:attachment":[{"href":"https:\/\/diariodominicano.com\/index.php?rest_route=%2Fwp%2Fv2%2Fmedia&parent=66268"}],"wp:term":[{"taxonomy":"category","embeddable":true,"href":"https:\/\/diariodominicano.com\/index.php?rest_route=%2Fwp%2Fv2%2Fcategories&post=66268"},{"taxonomy":"post_tag","embeddable":true,"href":"https:\/\/diariodominicano.com\/index.php?rest_route=%2Fwp%2Fv2%2Ftags&post=66268"}],"curies":[{"name":"wp","href":"https:\/\/api.w.org\/{rel}","templated":true}]}}