{"id":662674,"date":"2026-01-29T15:15:28","date_gmt":"2026-01-29T19:15:28","guid":{"rendered":"https:\/\/diariodominicano.com\/?p=662674"},"modified":"2026-01-29T15:23:11","modified_gmt":"2026-01-29T19:23:11","slug":"unibe-fundacion-iberoamericana-alianza-del-seguro-y-genesis-instituto-de-estudios-del-seguro-se-unen-para-fortalecer-el-talento-en-el-sector-asegurador-dominicano","status":"publish","type":"post","link":"https:\/\/diariodominicano.com\/?p=662674","title":{"rendered":"Unibe, Fundaci\u00f3n Iberoamericana Alianza del Seguro y G\u00e9nesis Instituto de Estudios del Seguro, se unen para fortalecer el talento en el sector asegurador dominicano\u00a0"},"content":{"rendered":"\n<p>La Universidad Iberoamericana, Unibe, la Fundaci\u00f3n Iberoamericana Alianza del Seguro y G\u00e9nesis Instituto de Formaci\u00f3n en Seguros, firmaron un acuerdo de cooperaci\u00f3n que busca fortalecer el talento humano en el sector asegurador dominicano, mediante programas de formaci\u00f3n especializada y el intercambio de conocimientos y buenas pr\u00e1cticas.<\/p>\n\n\n\n<p>El convenio establece la participaci\u00f3n conjunta en proyectos acad\u00e9micos, el dise\u00f1o e impartici\u00f3n de programas de educaci\u00f3n continua, la formaci\u00f3n de personal t\u00e9cnico y acad\u00e9mico, as\u00ed como asesor\u00eda mutua en docencia e investigaci\u00f3n. Con esta alianza se reafirma la importancia de la colaboraci\u00f3n internacional como motor del desarrollo social y econ\u00f3mico, en un contexto marcado por la transformaci\u00f3n digital, la regulaci\u00f3n, la innovaci\u00f3n y la sostenibilidad.<\/p>\n\n\n\n<figure class=\"wp-block-image size-full\"><img loading=\"lazy\" decoding=\"async\" width=\"1200\" height=\"800\" src=\"https:\/\/diariodominicano.com\/wp-content\/uploads\/2026\/01\/Loraine-Amell-y-Pasqual-Llongueras.jpg\" alt=\"\" class=\"wp-image-662700\" srcset=\"https:\/\/diariodominicano.com\/wp-content\/uploads\/2026\/01\/Loraine-Amell-y-Pasqual-Llongueras.jpg 1200w, https:\/\/diariodominicano.com\/wp-content\/uploads\/2026\/01\/Loraine-Amell-y-Pasqual-Llongueras-300x200.jpg 300w, https:\/\/diariodominicano.com\/wp-content\/uploads\/2026\/01\/Loraine-Amell-y-Pasqual-Llongueras-1024x683.jpg 1024w, https:\/\/diariodominicano.com\/wp-content\/uploads\/2026\/01\/Loraine-Amell-y-Pasqual-Llongueras-768x512.jpg 768w, https:\/\/diariodominicano.com\/wp-content\/uploads\/2026\/01\/Loraine-Amell-y-Pasqual-Llongueras-816x544.jpg 816w\" sizes=\"auto, (max-width: 1200px) 100vw, 1200px\" \/><figcaption class=\"wp-element-caption\">Loraine Amell y Pasqual Llongueras <\/figcaption><\/figure>\n\n\n\n<p>Entre las primeras acciones se destaca la realizaci\u00f3n conjunta del programa internacional \u201cCertificaci\u00f3n ejecutiva en funci\u00f3n actuarial para el sector asegurador\u201d. Asimismo, Unibe participar\u00e1 en la XVIII Cumbre Iberoamericana del Seguro, que se celebrar\u00e1 en Santo Domingo en el pr\u00f3ximo mes de marzo, auspiciada por la Fundaci\u00f3n Iberoamericana Alianza del Seguro, con el apoyo de la Superintendencia de Seguros y el Banco Central de la Rep\u00fablica Dominicana.<\/p>\n\n\n\n<p>La firma del acuerdo cont\u00f3 con la presencia de Pasqual Llongueras, vicepresidente de la Fundaci\u00f3n, Joseba Angulo, director del Instituto G\u00e9nesis. ,&nbsp; En representaci\u00f3n&nbsp; de Unibe, Dra. Loraine Amell, vicerrectora de Vinculaci\u00f3n e Internacionalizaci\u00f3n; Dr. Leandro Feliz, decano de Investigaci\u00f3n y Desarrollo Institucional; Lic. Miguelina Franco, decana Escuela de negocios, y la Dra. Maribel Medina, directora de Educaci\u00f3n Continua, quienes coincidieron en que esta alianza representa un paso decisivo para impulsar la profesionalizaci\u00f3n del sector asegurador y preparar a sus l\u00edderes frente a los retos actuales y futuros.<\/p>\n\n\n\n<p>Ana Alicia De Jes\u00fas Adames<\/p>\n\n\n\n<p>Administrador de Contenido | Direcci\u00f3n de Mercadeo Institucional<\/p>\n\n\n\n<p>Universidad Iberoamericana (UNIBE)<\/p>\n\n\n\n<p><a href=\"mailto:a.dejesus@unibe.edu.do\">a.dejesus@unibe.edu.do<\/a>&nbsp; | <a href=\"http:\/\/www.unibe.edu.do\">www.unibe.edu.do<\/a>&nbsp;<\/p>\n","protected":false},"excerpt":{"rendered":"<p>La Universidad Iberoamericana, Unibe, la Fundaci\u00f3n Iberoamericana Alianza del Seguro y G\u00e9nesis Instituto de Formaci\u00f3n en Seguros, firmaron un acuerdo de cooperaci\u00f3n que busca fortalecer el talento humano en el sector asegurador dominicano, mediante programas de formaci\u00f3n especializada y el intercambio de conocimientos y buenas pr\u00e1cticas. El convenio establece la participaci\u00f3n conjunta en proyectos acad\u00e9micos, [&hellip;]<\/p>\n","protected":false},"author":7,"featured_media":662701,"comment_status":"closed","ping_status":"closed","sticky":false,"template":"","format":"standard","meta":{"footnotes":""},"categories":[21],"tags":[4113,4112,1790],"class_list":["post-662674","post","type-post","status-publish","format-standard","has-post-thumbnail","hentry","category-cultura","tag-fundacion-iberoamericana-alianza-del-seguro","tag-genesis-instituto-de-estudios-del-seguro","tag-unibe"],"_links":{"self":[{"href":"https:\/\/diariodominicano.com\/index.php?rest_route=\/wp\/v2\/posts\/662674","targetHints":{"allow":["GET"]}}],"collection":[{"href":"https:\/\/diariodominicano.com\/index.php?rest_route=\/wp\/v2\/posts"}],"about":[{"href":"https:\/\/diariodominicano.com\/index.php?rest_route=\/wp\/v2\/types\/post"}],"author":[{"embeddable":true,"href":"https:\/\/diariodominicano.com\/index.php?rest_route=\/wp\/v2\/users\/7"}],"replies":[{"embeddable":true,"href":"https:\/\/diariodominicano.com\/index.php?rest_route=%2Fwp%2Fv2%2Fcomments&post=662674"}],"version-history":[{"count":2,"href":"https:\/\/diariodominicano.com\/index.php?rest_route=\/wp\/v2\/posts\/662674\/revisions"}],"predecessor-version":[{"id":662705,"href":"https:\/\/diariodominicano.com\/index.php?rest_route=\/wp\/v2\/posts\/662674\/revisions\/662705"}],"wp:featuredmedia":[{"embeddable":true,"href":"https:\/\/diariodominicano.com\/index.php?rest_route=\/wp\/v2\/media\/662701"}],"wp:attachment":[{"href":"https:\/\/diariodominicano.com\/index.php?rest_route=%2Fwp%2Fv2%2Fmedia&parent=662674"}],"wp:term":[{"taxonomy":"category","embeddable":true,"href":"https:\/\/diariodominicano.com\/index.php?rest_route=%2Fwp%2Fv2%2Fcategories&post=662674"},{"taxonomy":"post_tag","embeddable":true,"href":"https:\/\/diariodominicano.com\/index.php?rest_route=%2Fwp%2Fv2%2Ftags&post=662674"}],"curies":[{"name":"wp","href":"https:\/\/api.w.org\/{rel}","templated":true}]}}