{"id":66266,"date":"2012-02-13T14:13:18","date_gmt":"2012-02-13T14:13:18","guid":{"rendered":"http:\/\/diariodominicano.ddns.net\/?p=66266"},"modified":"2012-02-13T14:13:18","modified_gmt":"2012-02-13T14:13:18","slug":"muere-propulsor-de-musica-coral","status":"publish","type":"post","link":"https:\/\/diariodominicano.com\/?p=66266","title":{"rendered":"Muere propulsor de m\u00fasica coral"},"content":{"rendered":"<p><body><\/p>\n<p><span class=\"text1noticias\">Santo Domingo, RD 13 febrero.- Falleci\u00f3 a la edad de 85 a\u00f1os el conocido lasallista hermano Alfredo Morales. Sus restos est\u00e1n siendo velados en el Colegio Dominicano De La Salle, en el Sal\u00f3n de la Juventud y ser\u00e1n sepultados hoy lunes, en el Cementerio Nacional de la avenida M\u00e1ximo G\u00f3mez.<\/span><\/p>\n<\/p>\n<p><span class=\"text1noticias\">Su vida, dedicada a la misi\u00f3n educativa lasallista, contribuy\u00f3 de modo significativo al desarrollo de la cultura nacional, haciendo importantes aportes en los campos de la educaci\u00f3n, la m\u00fasica y la formaci\u00f3n integral de la juventud dominicana.<\/span><\/p>\n<\/p>\n<p><span class=\"text1noticias\">Su producci\u00f3n incluye m\u00e1s de 270 obras musicales y 15 libros.<\/span><\/p>\n<\/p>\n<p><span class=\"text1noticias\">Los temas de sus publicaciones est\u00e1n relacionados con la educaci\u00f3n, la formaci\u00f3n de la juventud y la pedagog\u00eda lasallista. Algunas de sus obras son: \u00abEl desaf\u00edo de ser educador\u00bb, \u00abJes\u00fas: El desaf\u00edo\u00bb, \u00abEl desaf\u00edo de ser joven\u00bb y \u00abGu\u00eda para la direcci\u00f3n coral\u00bb. En 1987 fue distinguido con la Orden de Duarte, S\u00e1nchez y Mella, por su contribuci\u00f3n al arte coral en el pa\u00eds. Hijo adoptivo de Santiago de los Caballeros, por ser el autor de la m\u00fasica del \u00abHimno a la Batalla del 30 de Marzo\u00bb.<\/span><\/p>\n<\/p>\n<p><span class=\"text1noticias\">Alfredo Morales naci\u00f3 en Santiago de Cuba en 1927, realiz\u00f3 sus estudios de Primaria en el Colegio De La Salle de su ciudad natal y los secundarios en un Liceo oficial de La Habana mientras iniciaba sus estudios como hermano de La Salle, instituci\u00f3n religiosa a la que perteneci\u00f3 desde su juventud.<\/span><\/p>\n<\/p>\n<p><span class=\"text1noticias\">En 1954 se gradu\u00f3 de piano, teor\u00eda y solfeo en el Estudio Musical Luis Ernesto Lecuona, de La Habana.<\/span><\/p>\n<\/p>\n<p><span class=\"text1noticias\">Graduado de Doctor en Pedagog\u00eda de la Universidad de La Habana en 1955, con estudios de posgrado en el Instituto Internacional de Bruselas y en el Instituto Cat\u00f3lico de Par\u00eds. Desde el a\u00f1o 1965 resid\u00eda en la Rep\u00fablica Dominicana y obtuvo la ciudadan\u00eda dominicana el 14 de octubre de 1996.<\/span><\/p>\n<\/p>\n<p><span class=\"text1noticias\">Al poco tiempo de su llegada al pa\u00eds, en octubre del 1968 asumi\u00f3 la direcci\u00f3n del Coro Estudiantil.<\/span><\/p>\n<\/p>\n<p><span class=\"text1noticias\">En la actualidad, Morales trabajaba en la Universidad Cat\u00f3lica de Santo Domingo, y como asesor del \u00abCentro de la Juventud y la Cultura\u00bb<\/span>.<\/p>\n<\/p>\n<h6> 2012-02-13 14:13:18 <\/h6>\n<p><!--\n<link rel=\"stylesheet\" href=\"css\/bootstrap.min.css\">\n\n\n<ul class=\"pagination\">\n\t    \n\t\n\n<li >\n\t<a href='?page_no=17943'>Previous<\/a>\n\t<\/li>\n\n\n       \n    \n\n<li><a href='?page_no=1'>1<\/a><\/li>\n\n\n\n<li><a href='?page_no=2'>2<\/a><\/li>\n\n\n\n<li><a>...<\/a><\/li>\n\n\n\n<li><a href='?page_no=17942'>17942<\/a><\/li>\n\n\n\n<li><a href='?page_no=17943'>17943<\/a><\/li>\n\n\n\n<li class='active'><a>17944<\/a><\/li>\n\n\n\n<li><a href='?page_no=17945'>17945<\/a><\/li>\n\n\n\n<li><a href='?page_no=17946'>17946<\/a><\/li>\n\n\n\n<li><a>...<\/a><\/li>\n\n\n\n<li><a href='?page_no=22911'>22911<\/a><\/li>\n\n\n\n<li><a href='?page_no=22912'>22912<\/a><\/li>\n\n    \n\t\n\n<li >\n\t<a href='?page_no=17945'>Next<\/a>\n\t<\/li>\n\n\n    \n\n<li><a href='?page_no=22912'>Last &rsaquo;&rsaquo;<\/a><\/li>\n\n<\/ul>\n\n\n--><br \/>\n<\/body><\/p>\n","protected":false},"excerpt":{"rendered":"<p>Santo Domingo, RD 13 febrero.- Falleci\u00f3 a la edad de 85 a\u00f1os el conocido lasallista hermano Alfredo Morales. Sus restos est\u00e1n siendo velados en el Colegio Dominicano De La Salle, en el Sal\u00f3n de la Juventud y ser\u00e1n sepultados hoy lunes, en el Cementerio Nacional de la avenida M\u00e1ximo G\u00f3mez. Su vida, dedicada a la [&hellip;]<\/p>\n","protected":false},"author":3,"featured_media":0,"comment_status":"open","ping_status":"open","sticky":false,"template":"","format":"standard","meta":{"footnotes":""},"categories":[21],"tags":[],"class_list":["post-66266","post","type-post","status-publish","format-standard","hentry","category-cultura"],"_links":{"self":[{"href":"https:\/\/diariodominicano.com\/index.php?rest_route=\/wp\/v2\/posts\/66266","targetHints":{"allow":["GET"]}}],"collection":[{"href":"https:\/\/diariodominicano.com\/index.php?rest_route=\/wp\/v2\/posts"}],"about":[{"href":"https:\/\/diariodominicano.com\/index.php?rest_route=\/wp\/v2\/types\/post"}],"author":[{"embeddable":true,"href":"https:\/\/diariodominicano.com\/index.php?rest_route=\/wp\/v2\/users\/3"}],"replies":[{"embeddable":true,"href":"https:\/\/diariodominicano.com\/index.php?rest_route=%2Fwp%2Fv2%2Fcomments&post=66266"}],"version-history":[{"count":0,"href":"https:\/\/diariodominicano.com\/index.php?rest_route=\/wp\/v2\/posts\/66266\/revisions"}],"wp:attachment":[{"href":"https:\/\/diariodominicano.com\/index.php?rest_route=%2Fwp%2Fv2%2Fmedia&parent=66266"}],"wp:term":[{"taxonomy":"category","embeddable":true,"href":"https:\/\/diariodominicano.com\/index.php?rest_route=%2Fwp%2Fv2%2Fcategories&post=66266"},{"taxonomy":"post_tag","embeddable":true,"href":"https:\/\/diariodominicano.com\/index.php?rest_route=%2Fwp%2Fv2%2Ftags&post=66266"}],"curies":[{"name":"wp","href":"https:\/\/api.w.org\/{rel}","templated":true}]}}