{"id":66265,"date":"2012-02-13T15:57:04","date_gmt":"2012-02-13T15:57:04","guid":{"rendered":"http:\/\/diariodominicano.ddns.net\/?p=66265"},"modified":"2012-02-13T15:57:04","modified_gmt":"2012-02-13T15:57:04","slug":"inauguran-ferias-del-libro-y-de-artesania-en-nicaragua","status":"publish","type":"post","link":"https:\/\/diariodominicano.com\/?p=66265","title":{"rendered":"Inauguran ferias del libro y de artesan\u00eda en Nicaragua"},"content":{"rendered":"<p><body><\/p>\n<p><span class=\"text1noticias\">Managua, Nicaragua, 13 febrero &#8211; La inauguraci\u00f3n de una feria del libro y otra de artesan\u00edas sobresalen hoy en el programa del VIII Festival Internacional de Poes\u00eda de Granada, antiqu\u00edsima ciudad nicarag\u00fcense, donde participan alrededor de 120 poetas de 54 pa\u00edses.<\/span><\/p>\n<p><span class=\"text1noticias\"> <\/span><\/p>\n<p><span class=\"text1noticias\">Esta fiesta del libro abrir\u00e1 un espacio para lecturas a micr\u00f3fono abierto, una acci\u00f3n que, seg\u00fan los organizadores del evento, se ha popularizado por brindar la oportunidad a principiantes en el arte de la composici\u00f3n po\u00e9tica de leer sus versos.<\/span><\/p>\n<p><span class=\"text1noticias\"> <\/span><\/p>\n<p><span class=\"text1noticias\">A Carlos Mart\u00ednez Rivas, considerado uno de los m\u00e1s grandes valores de la po\u00e9tica nicarag\u00fcense, se le dedica la actual feria, que en d\u00edas venideros contar\u00e1 con la presencia del Premio Nobel de Literatura 1992, Derek Walcott.<\/span><\/p>\n<p><span class=\"text1noticias\"> <\/span><\/p>\n<p><span class=\"text1noticias\">Otras actividades previstas para este lunes son la apertura del taller literario impartido por Luis Alberto Ambroggio, poeta argentino y nacionalizado en Estados Unidos, y una lectura de poemas de autoras femeninas.<\/span><\/p>\n<p><span class=\"text1noticias\"> <\/span><\/p>\n<p><span class=\"text1noticias\">El d\u00eda culminar\u00e1 con un concierto de la cantautora nicarag\u00fcense Norma Elena Gadea, en el atrio de la iglesia La Merced de Granada, una de las ciudades m\u00e1s antiguas de la regi\u00f3n Centroamericana.<\/span><\/p>\n<p><span class=\"text1noticias\"> <\/span><\/p>\n<p><span class=\"text1noticias\">Seg\u00fan medios nacionales de prensa, este festival ha contribuido a la difusi\u00f3n de la poes\u00eda pero tambi\u00e9n a la proyecci\u00f3n de Granada como destino tur\u00edstico.<\/span><\/p>\n<p><span class=\"text1noticias\"> <\/span><\/p>\n<p><span class=\"text1noticias\">La octava edici\u00f3n del evento que se presenta bajo el lema: La poes\u00eda es insurrecci\u00f3n solitaria, comenz\u00f3 anoche con espect\u00e1culos de danza, teatro, poes\u00eda y un recital de la popular cantante Katia Cardenal.<\/span><\/p>\n<p><span class=\"text1noticias\"> <\/span><\/p>\n<p><span class=\"text1noticias\">En el listado de asistentes al Festival figuran intelectuales y funcionarios de los cinco continentes, entre ellos el escritor norteamericano Robert Pinsky, el chileno Reynaldo Lacamara, el irland\u00e9s Desmon Egan, y los mexicanos Sergio Mondrag\u00f3n y Homero Aridjis<\/span>.<\/p>\n<\/p>\n<h6> 2012-02-13 15:57:04 <\/h6>\n<p><!--\n<link rel=\"stylesheet\" href=\"css\/bootstrap.min.css\">\n\n\n<ul class=\"pagination\">\n\t    \n\t\n\n<li >\n\t<a href='?page_no=17942'>Previous<\/a>\n\t<\/li>\n\n\n       \n    \n\n<li><a href='?page_no=1'>1<\/a><\/li>\n\n\n\n<li><a href='?page_no=2'>2<\/a><\/li>\n\n\n\n<li><a>...<\/a><\/li>\n\n\n\n<li><a href='?page_no=17941'>17941<\/a><\/li>\n\n\n\n<li><a href='?page_no=17942'>17942<\/a><\/li>\n\n\n\n<li class='active'><a>17943<\/a><\/li>\n\n\n\n<li><a href='?page_no=17944'>17944<\/a><\/li>\n\n\n\n<li><a href='?page_no=17945'>17945<\/a><\/li>\n\n\n\n<li><a>...<\/a><\/li>\n\n\n\n<li><a href='?page_no=22911'>22911<\/a><\/li>\n\n\n\n<li><a href='?page_no=22912'>22912<\/a><\/li>\n\n    \n\t\n\n<li >\n\t<a href='?page_no=17944'>Next<\/a>\n\t<\/li>\n\n\n    \n\n<li><a href='?page_no=22912'>Last &rsaquo;&rsaquo;<\/a><\/li>\n\n<\/ul>\n\n\n--><br \/>\n<\/body><\/p>\n","protected":false},"excerpt":{"rendered":"<p>Managua, Nicaragua, 13 febrero &#8211; La inauguraci\u00f3n de una feria del libro y otra de artesan\u00edas sobresalen hoy en el programa del VIII Festival Internacional de Poes\u00eda de Granada, antiqu\u00edsima ciudad nicarag\u00fcense, donde participan alrededor de 120 poetas de 54 pa\u00edses. Esta fiesta del libro abrir\u00e1 un espacio para lecturas a micr\u00f3fono abierto, una acci\u00f3n [&hellip;]<\/p>\n","protected":false},"author":3,"featured_media":0,"comment_status":"open","ping_status":"open","sticky":false,"template":"","format":"standard","meta":{"footnotes":""},"categories":[21],"tags":[],"class_list":["post-66265","post","type-post","status-publish","format-standard","hentry","category-cultura"],"_links":{"self":[{"href":"https:\/\/diariodominicano.com\/index.php?rest_route=\/wp\/v2\/posts\/66265","targetHints":{"allow":["GET"]}}],"collection":[{"href":"https:\/\/diariodominicano.com\/index.php?rest_route=\/wp\/v2\/posts"}],"about":[{"href":"https:\/\/diariodominicano.com\/index.php?rest_route=\/wp\/v2\/types\/post"}],"author":[{"embeddable":true,"href":"https:\/\/diariodominicano.com\/index.php?rest_route=\/wp\/v2\/users\/3"}],"replies":[{"embeddable":true,"href":"https:\/\/diariodominicano.com\/index.php?rest_route=%2Fwp%2Fv2%2Fcomments&post=66265"}],"version-history":[{"count":0,"href":"https:\/\/diariodominicano.com\/index.php?rest_route=\/wp\/v2\/posts\/66265\/revisions"}],"wp:attachment":[{"href":"https:\/\/diariodominicano.com\/index.php?rest_route=%2Fwp%2Fv2%2Fmedia&parent=66265"}],"wp:term":[{"taxonomy":"category","embeddable":true,"href":"https:\/\/diariodominicano.com\/index.php?rest_route=%2Fwp%2Fv2%2Fcategories&post=66265"},{"taxonomy":"post_tag","embeddable":true,"href":"https:\/\/diariodominicano.com\/index.php?rest_route=%2Fwp%2Fv2%2Ftags&post=66265"}],"curies":[{"name":"wp","href":"https:\/\/api.w.org\/{rel}","templated":true}]}}