{"id":66262,"date":"2012-02-13T22:25:21","date_gmt":"2012-02-13T22:25:21","guid":{"rendered":"http:\/\/diariodominicano.ddns.net\/?p=66262"},"modified":"2012-02-13T22:25:21","modified_gmt":"2012-02-13T22:25:21","slug":"el-minerd-inafocam-lanzan-diplomado-en-matematica-con-el-apoyo-tecnico-del-intec","status":"publish","type":"post","link":"https:\/\/diariodominicano.com\/?p=66262","title":{"rendered":"El MINERD, INAFOCAM lanzan Diplomado en Matem\u00e1tica con el apoyo t\u00e9cnico del INTEC"},"content":{"rendered":"<p><body><\/p>\n<p><img decoding=\"async\" src=\"img3\/infocam.JPG\" \/>  <\/p>\n<p><span class=\"text1noticias\">Rep.Dom, 13 de Febrero.- El Ministerio de Educaci\u00f3n (MINERD), a trav\u00e9s del Instituto Nacional de Formaci\u00f3n y Capacitaci\u00f3n del Magisterio (INAFOCAM) y el apoyo t\u00e9cnico del Instituto Tecnol\u00f3gico de Santo Domingo (INTEC) dieron inicio al diplomado en la Ense\u00f1anza de Matem\u00e1tica para el Segundo Ciclo del Nivel B\u00e1sico que permitir\u00e1 capacitar y actualizar a seiscientos (600) maestros de tres regionales educativas del Sur del pa\u00eds.<\/span><\/p>\n<\/p>\n<p><span class=\"text1noticias\">La actividad, en la que participaron educadores de las Regionales de Educaci\u00f3n de San Crist\u00f3bal, Azua y Bahoruco se llev\u00f3 a cabo en el Colegio San Rafael de San Crist\u00f3bal, el s\u00e1bado 11 de febrero del 2012 y cont\u00f3 con la participaci\u00f3n de autoridades locales, de la instituciones que auspician el proyecto educativo.<\/span><\/p>\n<\/p>\n<p><span class=\"text1noticias\">Con el  proyecto se aspira que los y las docentes que participan del mismo, profundicen en los contenidos que deben ense\u00f1ar y sus estrategias para lograr mejores aprendizajes. As\u00ed se pretende orientar la construcci\u00f3n de conocimientos matem\u00e1ticos y la organizaci\u00f3n de un ambiente escolar que propicie la  calidad.<\/span><\/p>\n<\/p>\n<p><span class=\"text1noticias\">Durante el transcurso de la capacitaci\u00f3n se desarrollar\u00e1n talleres presenciales,  en jornadas sabatinas de ocho (8) horas. La metodolog\u00eda se basar\u00e1 estrategias de estudios independientes, trabajos grupales, foros virtuales y visitas de acompa\u00f1amiento a centros educativos de al menos 30% de los participantes.<\/span><\/p>\n<\/p>\n<p><span class=\"text1noticias\">El programa tiene una duraci\u00f3n de 6 meses, inicia el d\u00eda 11 de febrero  y culmina el 29 de junio del a\u00f1o en curso.  Los diez lugares sedes de capacitaci\u00f3n est\u00e1n ubicados en: San Crist\u00f3bal, Cambita, Yaguate, Haina, Villa Altagracia, San Jos\u00e9 de Ocoa, Neyba, Duverg\u00e8, Tamayo y<\/span><\/p>\n<p><span class=\"text1noticias\">Jiman\u00ec.<\/span><\/p>\n<\/p>\n<p><span class=\"text1noticias\">Con este proyecto educativo el MINERD a trav\u00e9s del INAFOCAM y el INTEC confirman su compromiso con la calidad del Sistema Educativo Nacional.<\/span><\/p>\n<\/p>\n<p><span class=\"text1noticias\">La selecci\u00f3n de INTEC para capacitar a los maestros en matem\u00e1ticas se hizo a trav\u00e9s de un proceso de licitaci\u00f3n ganado por esa academia en la que participaron otras instituciones de educaci\u00f3n superior  <\/span><\/p>\n<\/p>\n<p><span class=\"text1noticias\">La propuesta formativa fue consensuada por representantes de matem\u00e1tica de la Direcci\u00f3n General de Curr\u00edculo, de la Direcci\u00f3n General de Educaci\u00f3n B\u00e1sica y del departamento de Formaci\u00f3n Continua del INAFOCAM.<\/span><\/p>\n<\/p>\n<p><span class=\"text1noticias\">Por el MINERD participaron, los licenciados Rosa Vanderhorst, directora de Curr\u00edculo, Enrique Villeta, encargado del ciclo de b\u00e1sica y Dignora Cabrera, directora regional 04 de San Crist\u00f3bal; por el INAFOCAM participaron las licenciadas Elsa S\u00e1nchez, directora de Formaci\u00f3n Continua, y Marcelina Pi\u00f1a coordinadora del diplomado desde esta entidad.<\/span><\/p>\n<\/p>\n<p><span class=\"text1noticias\"> <\/span><\/p>\n<p><span class=\"text1noticias\">Por el INTEC participaron las licenciadas Leandra Tapia, vicerectora acad\u00e9mica;  Sandra Gonz\u00e1lez, coordinadora general del diplomado; Migdalia Mart\u00ednez, decana de Ciencias Sociales y Humanidades y Nurys Gonz\u00e1lez coordinadora acad\u00e9mica.<\/span><\/p>\n<\/p>\n<p><span class=\"text1noticias\">En el acto se insisti\u00f3 acerca del compromiso que deben contraer los maestros en el dominio de los contenidos y en asegurar su efectiva trasmisi\u00f3n a los escolares.<\/span><\/p>\n<\/p>\n<p><span class=\"text1noticias\">En ese sentido, Rosa Vanderhorst, quien habl\u00f3 a nombre del MINERD y el INAFOCAM, dijo que con el proyecto se busca que la ense\u00f1anza y los aprendizajes de la matem\u00e1tica sean diferentes a que como se han venido desarrollando en las escuelas al tiempo que permitan superar los bajos resultados que estudios han verificado sobre el desempe\u00f1o de los estudiantes dominicanos.<\/span><\/p>\n<\/p>\n<p><span class=\"text1noticias\">Vanderhosrt dijo que en la actualidad el MINERD trabaja en la revizi\u00f3n del curr\u00edculo escolar y que \u00absi no se logran maestros con un ejercicio docente de calidad no se puede implantar un curr\u00edculo dise\u00f1ado para mejorar la calidad educativa en las escuelas\u00bb<\/span>.<\/p>\n<\/p>\n<h6> 2012-02-13 22:25:21 <\/h6>\n<p><!--\n<link rel=\"stylesheet\" href=\"css\/bootstrap.min.css\">\n\n\n<ul class=\"pagination\">\n\t    \n\t\n\n<li >\n\t<a href='?page_no=17939'>Previous<\/a>\n\t<\/li>\n\n\n       \n    \n\n<li><a href='?page_no=1'>1<\/a><\/li>\n\n\n\n<li><a href='?page_no=2'>2<\/a><\/li>\n\n\n\n<li><a>...<\/a><\/li>\n\n\n\n<li><a href='?page_no=17938'>17938<\/a><\/li>\n\n\n\n<li><a href='?page_no=17939'>17939<\/a><\/li>\n\n\n\n<li class='active'><a>17940<\/a><\/li>\n\n\n\n<li><a href='?page_no=17941'>17941<\/a><\/li>\n\n\n\n<li><a href='?page_no=17942'>17942<\/a><\/li>\n\n\n\n<li><a>...<\/a><\/li>\n\n\n\n<li><a href='?page_no=22911'>22911<\/a><\/li>\n\n\n\n<li><a href='?page_no=22912'>22912<\/a><\/li>\n\n    \n\t\n\n<li >\n\t<a href='?page_no=17941'>Next<\/a>\n\t<\/li>\n\n\n    \n\n<li><a href='?page_no=22912'>Last &rsaquo;&rsaquo;<\/a><\/li>\n\n<\/ul>\n\n\n--><br \/>\n<\/body><\/p>\n","protected":false},"excerpt":{"rendered":"<p>Rep.Dom, 13 de Febrero.- El Ministerio de Educaci\u00f3n (MINERD), a trav\u00e9s del Instituto Nacional de Formaci\u00f3n y Capacitaci\u00f3n del Magisterio (INAFOCAM) y el apoyo t\u00e9cnico del Instituto Tecnol\u00f3gico de Santo Domingo (INTEC) dieron inicio al diplomado en la Ense\u00f1anza de Matem\u00e1tica para el Segundo Ciclo del Nivel B\u00e1sico que permitir\u00e1 capacitar y actualizar a seiscientos [&hellip;]<\/p>\n","protected":false},"author":3,"featured_media":0,"comment_status":"open","ping_status":"open","sticky":false,"template":"","format":"standard","meta":{"footnotes":""},"categories":[21],"tags":[],"class_list":["post-66262","post","type-post","status-publish","format-standard","hentry","category-cultura"],"_links":{"self":[{"href":"https:\/\/diariodominicano.com\/index.php?rest_route=\/wp\/v2\/posts\/66262","targetHints":{"allow":["GET"]}}],"collection":[{"href":"https:\/\/diariodominicano.com\/index.php?rest_route=\/wp\/v2\/posts"}],"about":[{"href":"https:\/\/diariodominicano.com\/index.php?rest_route=\/wp\/v2\/types\/post"}],"author":[{"embeddable":true,"href":"https:\/\/diariodominicano.com\/index.php?rest_route=\/wp\/v2\/users\/3"}],"replies":[{"embeddable":true,"href":"https:\/\/diariodominicano.com\/index.php?rest_route=%2Fwp%2Fv2%2Fcomments&post=66262"}],"version-history":[{"count":0,"href":"https:\/\/diariodominicano.com\/index.php?rest_route=\/wp\/v2\/posts\/66262\/revisions"}],"wp:attachment":[{"href":"https:\/\/diariodominicano.com\/index.php?rest_route=%2Fwp%2Fv2%2Fmedia&parent=66262"}],"wp:term":[{"taxonomy":"category","embeddable":true,"href":"https:\/\/diariodominicano.com\/index.php?rest_route=%2Fwp%2Fv2%2Fcategories&post=66262"},{"taxonomy":"post_tag","embeddable":true,"href":"https:\/\/diariodominicano.com\/index.php?rest_route=%2Fwp%2Fv2%2Ftags&post=66262"}],"curies":[{"name":"wp","href":"https:\/\/api.w.org\/{rel}","templated":true}]}}