{"id":662602,"date":"2026-01-28T18:45:51","date_gmt":"2026-01-28T22:45:51","guid":{"rendered":"https:\/\/diariodominicano.com\/?p=662602"},"modified":"2026-01-28T18:45:54","modified_gmt":"2026-01-28T22:45:54","slug":"ministerio-de-la-mujer-fortalece-el-dialogo-con-organizaciones-de-la-sociedad-civil-para-avanzar-en-la-agenda-de-igualdad-de-genero","status":"publish","type":"post","link":"https:\/\/diariodominicano.com\/?p=662602","title":{"rendered":"Ministerio de la Mujer fortalece el di\u00e1logo con organizaciones de la sociedad civil para avanzar en la agenda de igualdad de g\u00e9nero\u00a0"},"content":{"rendered":"\n<p><strong>Santo Domingo.-<\/strong> El Ministerio de la Mujer realiz\u00f3 un amplio encuentro de di\u00e1logo con organizaciones de la sociedad civil de distintas regiones del pa\u00eds, como parte de su estrategia de fortalecimiento institucional y de articulaci\u00f3n con los actores sociales que trabajan en favor de la igualdad de g\u00e9nero, los derechos de las mujeres y la protecci\u00f3n de las poblaciones en situaci\u00f3n de vulnerabilidad.<\/p>\n\n\n\n<p>El encuentro fue encabezado por la ministra Gloria Reyes, junto a las viceministras Lily Deyanira Luciano Ram\u00edrez, de Cultura de Igualdad; Rosa Dariana Mej\u00eda Abud, t\u00e9cnica de Planificaci\u00f3n y Desarrollo; Mayeline Indhira Santos, administrativa; Miriam Jeannette Batista L\u00f3pez, de Coordinaci\u00f3n Intersectorial; y Juana Damaris Jos\u00e9 C\u00e1ceres, viceministra de Prevenci\u00f3n de Violencia contra la Mujer, ratificada en el cargo. Tambi\u00e9n particip\u00f3 la reconocida feminista Santa Mateo, asesora institucional del Ministerio.<\/p>\n\n\n\n<figure class=\"wp-block-gallery has-nested-images columns-default is-cropped wp-block-gallery-1 is-layout-flex wp-block-gallery-is-layout-flex\">\n<figure class=\"wp-block-image size-large\"><img loading=\"lazy\" decoding=\"async\" width=\"1024\" height=\"681\" data-id=\"662617\" src=\"https:\/\/diariodominicano.com\/wp-content\/uploads\/2026\/01\/La-ministra-de-la-Mujer-Gloria-Reyes-durante-el-encuentro-de-dialogo-con-representantes-de-organizaciones-de-mujeres-y-la-sociedad-civil-1024x681.jpg\" alt=\"\" class=\"wp-image-662617\" srcset=\"https:\/\/diariodominicano.com\/wp-content\/uploads\/2026\/01\/La-ministra-de-la-Mujer-Gloria-Reyes-durante-el-encuentro-de-dialogo-con-representantes-de-organizaciones-de-mujeres-y-la-sociedad-civil-1024x681.jpg 1024w, https:\/\/diariodominicano.com\/wp-content\/uploads\/2026\/01\/La-ministra-de-la-Mujer-Gloria-Reyes-durante-el-encuentro-de-dialogo-con-representantes-de-organizaciones-de-mujeres-y-la-sociedad-civil-300x200.jpg 300w, https:\/\/diariodominicano.com\/wp-content\/uploads\/2026\/01\/La-ministra-de-la-Mujer-Gloria-Reyes-durante-el-encuentro-de-dialogo-con-representantes-de-organizaciones-de-mujeres-y-la-sociedad-civil-768x511.jpg 768w, https:\/\/diariodominicano.com\/wp-content\/uploads\/2026\/01\/La-ministra-de-la-Mujer-Gloria-Reyes-durante-el-encuentro-de-dialogo-con-representantes-de-organizaciones-de-mujeres-y-la-sociedad-civil-816x543.jpg 816w, https:\/\/diariodominicano.com\/wp-content\/uploads\/2026\/01\/La-ministra-de-la-Mujer-Gloria-Reyes-durante-el-encuentro-de-dialogo-con-representantes-de-organizaciones-de-mujeres-y-la-sociedad-civil.jpg 1200w\" sizes=\"auto, (max-width: 1024px) 100vw, 1024px\" \/><figcaption class=\"wp-element-caption\">La ministra de la Mujer, Gloria Reyes, durante el encuentro de di\u00e1logo con representantes de organizaciones de mujeres y la sociedad civil <\/figcaption><\/figure>\n<\/figure>\n\n\n\n<p>Durante la jornada se desarrollaron decenas de intervenciones de organizaciones provenientes de diferentes provincias, que representaron una amplia diversidad de expresiones del movimiento de mujeres, organizaciones feministas, sindicales, comunitarias, juveniles, de derechos humanos y de cooperaci\u00f3n internacional. Este car\u00e1cter plural fue valorado como un elemento clave para construir una agenda de trabajo que responda a las realidades territoriales y a la complejidad de los desaf\u00edos que enfrenta el pa\u00eds en materia de igualdad de g\u00e9nero.<\/p>\n\n\n\n<p>En sus palabras de apertura, la ministra Gloria Reyes reiter\u00f3 el inter\u00e9s del Ministerio de la Mujer en institucionalizar espacios de di\u00e1logo permanente con la sociedad civil, entendiendo que las pol\u00edticas p\u00fablicas solo alcanzan impacto real cuando se construyen de manera articulada, con escucha activa, corresponsabilidad y visi\u00f3n de largo plazo. En ese sentido, subray\u00f3 que la articulaci\u00f3n con las organizaciones sociales constituye un componente estrat\u00e9gico para fortalecer la rector\u00eda del Ministerio y avanzar en la implementaci\u00f3n efectiva de la pol\u00edtica de igualdad.<\/p>\n\n\n\n<figure class=\"wp-block-gallery has-nested-images columns-default is-cropped wp-block-gallery-2 is-layout-flex wp-block-gallery-is-layout-flex\">\n<figure class=\"wp-block-image size-large\"><img loading=\"lazy\" decoding=\"async\" width=\"1024\" height=\"681\" data-id=\"662618\" src=\"https:\/\/diariodominicano.com\/wp-content\/uploads\/2026\/01\/La-ministra-de-la-Mujer-Gloria-Reyes-junto-a-las-viceministras-Lily-Luciano-Rosa-Mejia-Mayeline-Santos-Miriam-Batista-y-Juana-Jose-Caceres-asi-como-la-asesora-Santa-Mateo-1024x681.jpg\" alt=\"\" class=\"wp-image-662618\" srcset=\"https:\/\/diariodominicano.com\/wp-content\/uploads\/2026\/01\/La-ministra-de-la-Mujer-Gloria-Reyes-junto-a-las-viceministras-Lily-Luciano-Rosa-Mejia-Mayeline-Santos-Miriam-Batista-y-Juana-Jose-Caceres-asi-como-la-asesora-Santa-Mateo-1024x681.jpg 1024w, https:\/\/diariodominicano.com\/wp-content\/uploads\/2026\/01\/La-ministra-de-la-Mujer-Gloria-Reyes-junto-a-las-viceministras-Lily-Luciano-Rosa-Mejia-Mayeline-Santos-Miriam-Batista-y-Juana-Jose-Caceres-asi-como-la-asesora-Santa-Mateo-300x200.jpg 300w, https:\/\/diariodominicano.com\/wp-content\/uploads\/2026\/01\/La-ministra-de-la-Mujer-Gloria-Reyes-junto-a-las-viceministras-Lily-Luciano-Rosa-Mejia-Mayeline-Santos-Miriam-Batista-y-Juana-Jose-Caceres-asi-como-la-asesora-Santa-Mateo-768x511.jpg 768w, https:\/\/diariodominicano.com\/wp-content\/uploads\/2026\/01\/La-ministra-de-la-Mujer-Gloria-Reyes-junto-a-las-viceministras-Lily-Luciano-Rosa-Mejia-Mayeline-Santos-Miriam-Batista-y-Juana-Jose-Caceres-asi-como-la-asesora-Santa-Mateo-816x543.jpg 816w, https:\/\/diariodominicano.com\/wp-content\/uploads\/2026\/01\/La-ministra-de-la-Mujer-Gloria-Reyes-junto-a-las-viceministras-Lily-Luciano-Rosa-Mejia-Mayeline-Santos-Miriam-Batista-y-Juana-Jose-Caceres-asi-como-la-asesora-Santa-Mateo.jpg 1200w\" sizes=\"auto, (max-width: 1024px) 100vw, 1024px\" \/><figcaption class=\"wp-element-caption\">La ministra de la Mujer, Gloria Reyes, junto a las viceministras Lily Luciano, Rosa Mej\u00eda, Mayeline Santos, Miriam Batista y Juana Jos\u00e9 C\u00e1ceres, as\u00ed como la asesora Santa Mateo <\/figcaption><\/figure>\n<\/figure>\n\n\n\n<p>Las intervenciones de las organizaciones abordaron temas centrales para la agenda nacional, entre ellos la prevenci\u00f3n y atenci\u00f3n integral de la violencia contra las mujeres, el acceso efectivo a la justicia, el fortalecimiento del Plan Nacional de Igualdad y Equidad de G\u00e9nero (PLANEG) como pol\u00edtica marco del Estado, la participaci\u00f3n pol\u00edtica y el liderazgo de las mujeres, la autonom\u00eda econ\u00f3mica, la econom\u00eda del cuidado, as\u00ed como la necesidad de impulsar procesos de cambio cultural desde la educaci\u00f3n y la comunicaci\u00f3n.<\/p>\n\n\n\n<p>De manera reiterada, las organizaciones destacaron la importancia de fortalecer la presencia territorial de las pol\u00edticas p\u00fablicas, mejorar la coordinaci\u00f3n interinstitucional y garantizar que las acciones del Estado lleguen de manera efectiva a las mujeres en condiciones de mayor vulnerabilidad, incluyendo ni\u00f1as, adolescentes, mujeres con discapacidad, trabajadoras del hogar, madres adolescentes y comunidades afectadas por la pobreza y la exclusi\u00f3n social.<\/p>\n\n\n\n<p>En este contexto, el Ministerio de la Mujer identific\u00f3 el encuentro como una oportunidad estrat\u00e9gica para ampliar el di\u00e1logo social, fortalecer la pedagog\u00eda p\u00fablica sobre la igualdad de g\u00e9nero y consolidar una mayor comprensi\u00f3n ciudadana del rol que desempe\u00f1a la instituci\u00f3n como ente rector de esta pol\u00edtica. Desde esta perspectiva, se resalt\u00f3 la importancia de seguir construyendo consensos, ampliando alianzas y promoviendo una narrativa inclusiva que vincule la igualdad de g\u00e9nero con el desarrollo democr\u00e1tico y el bienestar colectivo.<\/p>\n\n\n\n<p>Al cierre de la jornada, el Ministerio de la Mujer reafirm\u00f3 su compromiso de sistematizar los aportes recibidos, dar continuidad a estos encuentros de manera peri\u00f3dica y promover la conformaci\u00f3n de espacios de trabajo tem\u00e1ticos que permitan traducir el di\u00e1logo en acciones concretas. Asimismo, se destac\u00f3 la importancia de avanzar hacia una agenda com\u00fan que articule los esfuerzos del Estado y la sociedad civil, con prioridades claras y mecanismos de seguimiento.<\/p>\n\n\n\n<p>Con este encuentro, el Ministerio de la Mujer consolida una ruta de trabajo orientada a fortalecer alianzas estrat\u00e9gicas, profundizar la participaci\u00f3n social y contribuir a la construcci\u00f3n de pol\u00edticas p\u00fablicas m\u00e1s inclusivas, capaces de responder a las demandas de igualdad, justicia social y garant\u00eda de derechos de las mujeres y de las poblaciones vulnerables de la Rep\u00fablica Dominicana.\/\/<\/p>\n\n\n\n<p>lilyluciano@gmail.com, <a href=\"mailto:rstalinmontero@gmail.com\">rstalinmontero@gmail.com<\/a>&nbsp;<\/p>\n","protected":false},"excerpt":{"rendered":"<p>Santo Domingo.- El Ministerio de la Mujer realiz\u00f3 un amplio encuentro de di\u00e1logo con organizaciones de la sociedad civil de distintas regiones del pa\u00eds, como parte de su estrategia de fortalecimiento institucional y de articulaci\u00f3n con los actores sociales que trabajan en favor de la igualdad de g\u00e9nero, los derechos de las mujeres y la [&hellip;]<\/p>\n","protected":false},"author":7,"featured_media":662616,"comment_status":"closed","ping_status":"closed","sticky":false,"template":"","format":"standard","meta":{"footnotes":""},"categories":[36],"tags":[188],"class_list":["post-662602","post","type-post","status-publish","format-standard","has-post-thumbnail","hentry","category-hombresmujeresycosas","tag-ministerio-de-la-mujer"],"_links":{"self":[{"href":"https:\/\/diariodominicano.com\/index.php?rest_route=\/wp\/v2\/posts\/662602","targetHints":{"allow":["GET"]}}],"collection":[{"href":"https:\/\/diariodominicano.com\/index.php?rest_route=\/wp\/v2\/posts"}],"about":[{"href":"https:\/\/diariodominicano.com\/index.php?rest_route=\/wp\/v2\/types\/post"}],"author":[{"embeddable":true,"href":"https:\/\/diariodominicano.com\/index.php?rest_route=\/wp\/v2\/users\/7"}],"replies":[{"embeddable":true,"href":"https:\/\/diariodominicano.com\/index.php?rest_route=%2Fwp%2Fv2%2Fcomments&post=662602"}],"version-history":[{"count":1,"href":"https:\/\/diariodominicano.com\/index.php?rest_route=\/wp\/v2\/posts\/662602\/revisions"}],"predecessor-version":[{"id":662620,"href":"https:\/\/diariodominicano.com\/index.php?rest_route=\/wp\/v2\/posts\/662602\/revisions\/662620"}],"wp:featuredmedia":[{"embeddable":true,"href":"https:\/\/diariodominicano.com\/index.php?rest_route=\/wp\/v2\/media\/662616"}],"wp:attachment":[{"href":"https:\/\/diariodominicano.com\/index.php?rest_route=%2Fwp%2Fv2%2Fmedia&parent=662602"}],"wp:term":[{"taxonomy":"category","embeddable":true,"href":"https:\/\/diariodominicano.com\/index.php?rest_route=%2Fwp%2Fv2%2Fcategories&post=662602"},{"taxonomy":"post_tag","embeddable":true,"href":"https:\/\/diariodominicano.com\/index.php?rest_route=%2Fwp%2Fv2%2Ftags&post=662602"}],"curies":[{"name":"wp","href":"https:\/\/api.w.org\/{rel}","templated":true}]}}