{"id":66260,"date":"2012-02-14T15:22:36","date_gmt":"2012-02-14T15:22:36","guid":{"rendered":"http:\/\/diariodominicano.ddns.net\/?p=66260"},"modified":"2012-02-14T15:22:36","modified_gmt":"2012-02-14T15:22:36","slug":"cultura-celebra-dia-nacional-de-folklor-con-homenaje-a-nereyda-rodriguez","status":"publish","type":"post","link":"https:\/\/diariodominicano.com\/?p=66260","title":{"rendered":"Cultura celebra D\u00eda Nacional de Folklor con homenaje a Nereyda Rodr\u00edguez"},"content":{"rendered":"<p><body><\/p>\n<p><img decoding=\"async\" src=\"img3\/Espectaculo  Quisqueya.JPG\" \/><br \/><img decoding=\"async\" src=\"img3\/Espectaculo Quisqueya 1.JPG\" \/><br \/><img decoding=\"async\" src=\"img3\/Espectaculo  Quisqueya 2.JPG\" \/>  <\/p>\n<p><span class=\"text1noticias\">Santo Domingo, RD, 14 febrero.-  El Ministerio de Cultura (MINC), la Fundaci\u00f3n Teatro Popular Danzante y el Instituto Para el Desarrollo de las Artes presentaron un espect\u00e1culo en el Centro Cultural Narciso Gonz\u00e1lez, en memoria a la fenecida Nereyda Rodr\u00edguez y la celebraci\u00f3n del D\u00eda Nacional del Folklor.<\/span><\/p>\n<\/p>\n<p><span class=\"text1noticias\">El espect\u00e1culo \u00abQuisqueya\u00bb inici\u00f3, precisamente, con la canci\u00f3n que lleva ese nombre y, entre otros temas, el p\u00fablico disfrut\u00f3 de \u00abFanfarria pri-pri\u00bb, \u00abRedoble Bambaula\u00bb, \u00abMachac\u00f3\u00bb, pregones, pisapi\u00e9, procesi\u00f3n salve,  yambambo redoble tamba, timbalero y salsa.<\/span><\/p>\n<\/p>\n<p><span class=\"text1noticias\">Durante la noche, particip\u00f3 el Grupo de Atabales de Capotillo y la cantante Awilda deleit\u00f3 al p\u00fablico con su voz.<\/span><\/p>\n<\/p>\n<p><span class=\"text1noticias\">Uno de los temas que m\u00e1s disfrutaron los presentes fue el de los pregones, debido a que el p\u00fablico se integr\u00f3, haciendo coros con la participaci\u00f3n de distintos vendedores populares y la representaci\u00f3n de personajes de los barrios.<\/span><\/p>\n<\/p>\n<p><span class=\"text1noticias\">Nereyda Rodr\u00edguez, fue directora de la Fundaci\u00f3n Teatro Popular Danzante y del Centro Cultural, dedic\u00f3 su vida a la danza y al desarrollo de las artes. Falleci\u00f3 el primero de octubre del 2011, su hija, Senia Rodr\u00edguez, ha quedado al frente de la instituci\u00f3n.<\/span><\/p>\n<\/p>\n<p><span class=\"text1noticias\">A la actividad acudieron decenas de j\u00f3venes, adolecentes, ni\u00f1os y adultos de las proximidades del Centro Cultural Narciso Gonz\u00e1lez, ubicado en Villa Juana.<\/span><\/p>\n<\/p>\n<p><span class=\"text1noticias\">Jos\u00e9 Cuello, de la Direcci\u00f3n de Cultura Barrial del MINC y Senia Rodr\u00edguez fueron los responsables de la producci\u00f3n y el montaje. Ambos, al final, dieron las gracias al ministro Jos\u00e9 Rafael Lantigua por el apoyo para la realizaci\u00f3n del evento<\/span>. <\/p>\n<\/p>\n<h6> 2012-02-14 15:22:36 <\/h6>\n<p><!--\n<link rel=\"stylesheet\" href=\"css\/bootstrap.min.css\">\n\n\n<ul class=\"pagination\">\n\t    \n\t\n\n<li >\n\t<a href='?page_no=17937'>Previous<\/a>\n\t<\/li>\n\n\n       \n    \n\n<li><a href='?page_no=1'>1<\/a><\/li>\n\n\n\n<li><a href='?page_no=2'>2<\/a><\/li>\n\n\n\n<li><a>...<\/a><\/li>\n\n\n\n<li><a href='?page_no=17936'>17936<\/a><\/li>\n\n\n\n<li><a href='?page_no=17937'>17937<\/a><\/li>\n\n\n\n<li class='active'><a>17938<\/a><\/li>\n\n\n\n<li><a href='?page_no=17939'>17939<\/a><\/li>\n\n\n\n<li><a href='?page_no=17940'>17940<\/a><\/li>\n\n\n\n<li><a>...<\/a><\/li>\n\n\n\n<li><a href='?page_no=22911'>22911<\/a><\/li>\n\n\n\n<li><a href='?page_no=22912'>22912<\/a><\/li>\n\n    \n\t\n\n<li >\n\t<a href='?page_no=17939'>Next<\/a>\n\t<\/li>\n\n\n    \n\n<li><a href='?page_no=22912'>Last &rsaquo;&rsaquo;<\/a><\/li>\n\n<\/ul>\n\n\n--><br \/>\n<\/body><\/p>\n","protected":false},"excerpt":{"rendered":"<p>Santo Domingo, RD, 14 febrero.- El Ministerio de Cultura (MINC), la Fundaci\u00f3n Teatro Popular Danzante y el Instituto Para el Desarrollo de las Artes presentaron un espect\u00e1culo en el Centro Cultural Narciso Gonz\u00e1lez, en memoria a la fenecida Nereyda Rodr\u00edguez y la celebraci\u00f3n del D\u00eda Nacional del Folklor. El espect\u00e1culo \u00abQuisqueya\u00bb inici\u00f3, precisamente, con la [&hellip;]<\/p>\n","protected":false},"author":3,"featured_media":0,"comment_status":"open","ping_status":"open","sticky":false,"template":"","format":"standard","meta":{"footnotes":""},"categories":[21],"tags":[],"class_list":["post-66260","post","type-post","status-publish","format-standard","hentry","category-cultura"],"_links":{"self":[{"href":"https:\/\/diariodominicano.com\/index.php?rest_route=\/wp\/v2\/posts\/66260","targetHints":{"allow":["GET"]}}],"collection":[{"href":"https:\/\/diariodominicano.com\/index.php?rest_route=\/wp\/v2\/posts"}],"about":[{"href":"https:\/\/diariodominicano.com\/index.php?rest_route=\/wp\/v2\/types\/post"}],"author":[{"embeddable":true,"href":"https:\/\/diariodominicano.com\/index.php?rest_route=\/wp\/v2\/users\/3"}],"replies":[{"embeddable":true,"href":"https:\/\/diariodominicano.com\/index.php?rest_route=%2Fwp%2Fv2%2Fcomments&post=66260"}],"version-history":[{"count":0,"href":"https:\/\/diariodominicano.com\/index.php?rest_route=\/wp\/v2\/posts\/66260\/revisions"}],"wp:attachment":[{"href":"https:\/\/diariodominicano.com\/index.php?rest_route=%2Fwp%2Fv2%2Fmedia&parent=66260"}],"wp:term":[{"taxonomy":"category","embeddable":true,"href":"https:\/\/diariodominicano.com\/index.php?rest_route=%2Fwp%2Fv2%2Fcategories&post=66260"},{"taxonomy":"post_tag","embeddable":true,"href":"https:\/\/diariodominicano.com\/index.php?rest_route=%2Fwp%2Fv2%2Ftags&post=66260"}],"curies":[{"name":"wp","href":"https:\/\/api.w.org\/{rel}","templated":true}]}}