{"id":662592,"date":"2026-01-28T02:57:47","date_gmt":"2026-01-28T06:57:47","guid":{"rendered":"https:\/\/diariodominicano.com\/?p=662592"},"modified":"2026-01-28T02:59:43","modified_gmt":"2026-01-28T06:59:43","slug":"presidente-abinader-juramenta-comision-de-veeduria-para-supervisar-obras-deportivas-financiadas-con-recursos-recuperados-de-la-corrupcion","status":"publish","type":"post","link":"https:\/\/diariodominicano.com\/?p=662592","title":{"rendered":"El Presidente Abinader juramenta comisi\u00f3n de veedur\u00eda para supervisar obras deportivas financiadas con recursos recuperados de la corrupci\u00f3n"},"content":{"rendered":"\n<h3 class=\"wp-block-heading\">Ministro Kelvin Cruz dijo que esta comisi\u00f3n responde a una instrucci\u00f3n directa del presidente Abinader, quien dispuso que los RD 2,000 millones recuperados de la corrupci\u00f3n sean invertidos en infraestructuras deportivas.<\/h3>\n\n\n\n<p>27 de Enero 2026 <\/p>\n\n\n\n<p>Santo Domingo, RD.\u2013\u00a0<strong>El presidente Luis Abinader<\/strong>\u00a0jurament\u00f3 este lunes la\u00a0<strong>comisi\u00f3n de veedur\u00eda<\/strong>\u00a0que tendr\u00e1 a su cargo supervisar las obras de infraestructura deportiva que ser\u00e1n ejecutadas con fondos por\u00a0<strong>m\u00e1s de RD 2,000 millones\u00a0<\/strong>provenientes de recursos\u00a0<strong>recuperados de actos de corrupci\u00f3n<\/strong>, como parte del compromiso del Gobierno con la\u00a0<strong>transparencia<\/strong>\u00a0y la correcta administraci\u00f3n de los\u00a0<strong>recursos p\u00fablicos.<\/strong><\/p>\n\n\n\n<p>La comisi\u00f3n de veedur\u00eda est\u00e1 integrada por el&nbsp;<strong>doctor Jos\u00e9 Joaqu\u00edn Puello<\/strong>, expresidente del Comit\u00e9 Ol\u00edmpico Dominicano;&nbsp;<strong>el doctor Milton Ray Guevara<\/strong>, ex presidente del Tribunal Constitucional; el arzobispo de Santiago y presidente del Episcopado Dominicano,&nbsp;<strong>monse\u00f1or H\u00e9ctor Rafael Rodr\u00edguez Rodr\u00edguez<\/strong>; as\u00ed como los comunicadores&nbsp;<strong>Luis\u00edn Mej\u00eda<\/strong>, presidente de Centro Caribe Sport y miembro del Comit\u00e9 Ol\u00edmpico Internacional, y&nbsp;<strong>Persio Maldonado<\/strong>, referente de la \u00e9tica y la moral en la comunicaci\u00f3n dominicana.<\/p>\n\n\n\n<p><strong>Presidente Abinader<\/strong><\/p>\n\n\n\n<figure class=\"wp-block-image\"><img decoding=\"async\" src=\"https:\/\/www.presidencia.gob.do\/sites\/default\/files\/inline-images\/WhatsApp%20Image%202026-01-27%20at%2017.15.07.jpeg\" alt=\"\"\/><\/figure>\n\n\n\n<p>Durante el acto, el mandatario destac\u00f3 la importancia de la veedur\u00eda ciudadana en este proceso, al considerar que su acompa\u00f1amiento garantiza los m\u00e1s altos niveles de&nbsp;<strong>transparencia, rendici\u00f3n de cuentas y supervisi\u00f3n<\/strong>&nbsp;en cada una de las etapas de ejecuci\u00f3n de las obras.<\/p>\n\n\n\n<p>El jefe de Estado agradeci\u00f3 de manera especial a los integrantes de la comisi\u00f3n por aceptar esta responsabilidad, al tiempo que subray\u00f3 que su&nbsp;<strong>solvencia moral, trayectoria y formaci\u00f3n profesional<\/strong>constituyen una garant\u00eda para el uso adecuado de los fondos p\u00fablicos destinados a estas inversiones.<\/p>\n\n\n\n<p>Asimismo, el presidente Abinader inform\u00f3 que, tras varios meses de trabajo t\u00e9cnico, dise\u00f1os y elaboraci\u00f3n de los t\u00e9rminos de referencia, este mismo d\u00eda&nbsp;<strong>ser\u00e1n publicadas las licitaciones&nbsp;<\/strong>correspondientes a las obras, conforme a lo indicado por la&nbsp;<strong>Direcci\u00f3n de Planificaci\u00f3n y el Ministerio de Deportes,<\/strong>&nbsp;las cuales se desarrollar\u00e1n bajo la supervisi\u00f3n directa de la comisi\u00f3n juramentada.<\/p>\n\n\n\n<p><strong>Obras para ejecutar<\/strong><\/p>\n\n\n\n<p>Entre las obras que ser\u00e1n ejecutadas con estos fondos figuran el remozamiento total del&nbsp;<strong>Centro Ol\u00edmpico de San Pedro de Macor\u00eds<\/strong>; la reconstrucci\u00f3n del&nbsp;<strong>polideportivo de San Juan de la Maguana<\/strong>; la construcci\u00f3n de&nbsp;<strong>23 techados multiuso<\/strong>&nbsp;en igual n\u00famero de municipios que a\u00fan no cuentan con este tipo de infraestructura, y la rehabilitaci\u00f3n integral del&nbsp;<strong>Centro Ol\u00edmpico de La Vega<\/strong>, incluyendo la piscina ol\u00edmpica, la pista de atletismo, la construcci\u00f3n de una nueva arena y otras instalaciones deportivas.<\/p>\n\n\n\n<p><strong>Ministro de Deportes<\/strong><\/p>\n\n\n\n<figure class=\"wp-block-image\"><img decoding=\"async\" src=\"https:\/\/www.presidencia.gob.do\/sites\/default\/files\/inline-images\/WhatsApp%20Image%202026-01-27%20at%2017.15.08.jpeg\" alt=\"\"\/><\/figure>\n\n\n\n<p>De su lado, el ministro de Deportes y Recreaci\u00f3n,&nbsp;<strong>Kelvin Cruz<\/strong>, explic\u00f3 que la conformaci\u00f3n de esta comisi\u00f3n responde a una&nbsp;<strong>instrucci\u00f3n directa del presidente Abinader,&nbsp;<\/strong>quien dispuso que los RD 2,000 millones recuperados de la corrupci\u00f3n fueran invertidos en&nbsp;<strong>infraestructuras deportivas<\/strong>, bajo el acompa\u00f1amiento de una veedur\u00eda integrada por personalidades de&nbsp;<strong>reconocida \u00e9tica y credibilidad.<\/strong><\/p>\n\n\n\n<p>El ministro Cruz resalt\u00f3 que estas inversiones permitir\u00e1n&nbsp;<strong>cerrar una brecha hist\u00f3rica<\/strong>&nbsp;en materia de infraestructura deportiva, al tiempo que impactar\u00e1n positivamente a la&nbsp;<strong>juventud, la ni\u00f1ez y a las comunidades<\/strong>, ya que los techados y polideportivos tambi\u00e9n funcionan como centros de integraci\u00f3n&nbsp;<strong>social, cultural y comunitaria<\/strong>.<\/p>\n\n\n\n<p>Con informaci\u00f3n de la Presidencia de la Rep\u00fablica.<\/p>\n","protected":false},"excerpt":{"rendered":"<p>Ministro Kelvin Cruz dijo que esta comisi\u00f3n responde a una instrucci\u00f3n directa del presidente Abinader, quien dispuso que los RD 2,000 millones recuperados de la corrupci\u00f3n sean invertidos en infraestructuras deportivas. 27 de Enero 2026 Santo Domingo, RD.\u2013\u00a0El presidente Luis Abinader\u00a0jurament\u00f3 este lunes la\u00a0comisi\u00f3n de veedur\u00eda\u00a0que tendr\u00e1 a su cargo supervisar las obras de infraestructura [&hellip;]<\/p>\n","protected":false},"author":28,"featured_media":662593,"comment_status":"closed","ping_status":"closed","sticky":false,"template":"","format":"standard","meta":{"footnotes":""},"categories":[17,20,27],"tags":[4105,4106],"class_list":["post-662592","post","type-post","status-publish","format-standard","has-post-thumbnail","hentry","category-deportes","category-dominicana-hoy","category-portada","tag-abinader","tag-corrupcion"],"_links":{"self":[{"href":"https:\/\/diariodominicano.com\/index.php?rest_route=\/wp\/v2\/posts\/662592","targetHints":{"allow":["GET"]}}],"collection":[{"href":"https:\/\/diariodominicano.com\/index.php?rest_route=\/wp\/v2\/posts"}],"about":[{"href":"https:\/\/diariodominicano.com\/index.php?rest_route=\/wp\/v2\/types\/post"}],"author":[{"embeddable":true,"href":"https:\/\/diariodominicano.com\/index.php?rest_route=\/wp\/v2\/users\/28"}],"replies":[{"embeddable":true,"href":"https:\/\/diariodominicano.com\/index.php?rest_route=%2Fwp%2Fv2%2Fcomments&post=662592"}],"version-history":[{"count":2,"href":"https:\/\/diariodominicano.com\/index.php?rest_route=\/wp\/v2\/posts\/662592\/revisions"}],"predecessor-version":[{"id":662596,"href":"https:\/\/diariodominicano.com\/index.php?rest_route=\/wp\/v2\/posts\/662592\/revisions\/662596"}],"wp:featuredmedia":[{"embeddable":true,"href":"https:\/\/diariodominicano.com\/index.php?rest_route=\/wp\/v2\/media\/662593"}],"wp:attachment":[{"href":"https:\/\/diariodominicano.com\/index.php?rest_route=%2Fwp%2Fv2%2Fmedia&parent=662592"}],"wp:term":[{"taxonomy":"category","embeddable":true,"href":"https:\/\/diariodominicano.com\/index.php?rest_route=%2Fwp%2Fv2%2Fcategories&post=662592"},{"taxonomy":"post_tag","embeddable":true,"href":"https:\/\/diariodominicano.com\/index.php?rest_route=%2Fwp%2Fv2%2Ftags&post=662592"}],"curies":[{"name":"wp","href":"https:\/\/api.w.org\/{rel}","templated":true}]}}