{"id":66259,"date":"2012-02-14T18:45:11","date_gmt":"2012-02-14T18:45:11","guid":{"rendered":"http:\/\/diariodominicano.ddns.net\/?p=66259"},"modified":"2012-02-14T18:45:11","modified_gmt":"2012-02-14T18:45:11","slug":"cuba-simbolo-de-alegria-y-esperanza-asegura-poetisa-dominicana","status":"publish","type":"post","link":"https:\/\/diariodominicano.com\/?p=66259","title":{"rendered":"Cuba, s\u00edmbolo de alegr\u00eda y esperanza, asegura poetisa dominicana"},"content":{"rendered":"<p><body><\/p>\n<p><img decoding=\"async\" src=\"img3\/pllibro.jpg\" \/>  <\/p>\n<p><span class=\"text1noticias\">La Habana, 14 feb (PL) Para los perdedores, Cuba es el lugar donde uno descubre que se puede volar, y ejemplo de alegr\u00eda y esperanza, sentenci\u00f3 aqu\u00ed la poetisa dominicana Chiqui Vicioso, invitada a la Feria Internacional del Libro.<\/span><\/p>\n<\/p>\n<p><span class=\"text1noticias\">En el espacio Encuentro con&#8230;, que conduce la periodista cubana Magda Resik, la tambi\u00e9n dramaturga y ensayista asegur\u00f3 que los dominicanos \u00absomos los perdedores de un proceso terrible en el que fue asesinada una gran parte de la intelectualidad nacional\u00bb durante los gobiernos de Rafael Le\u00f3nidas Trujillo y Joaqu\u00edn Balaguer.<\/span><\/p>\n<\/p>\n<p><span class=\"text1noticias\">A una pregunta de Prensa Latina sobre la situaci\u00f3n actual de la vecina isla, Vicioso dijo que alrededor de 600 j\u00f3venes entre 14 y 20 a\u00f1os son asesinados cada a\u00f1o en los llamados intercambios por disparos, en tanto cerca de dos millones de dominicanos han emigrado y muchas mujeres forman parte del tr\u00e1fico sexual.<\/span><\/p>\n<\/p>\n<p><span class=\"text1noticias\">Sobre este segmento poblacional indic\u00f3 que se observa una desvalorizaci\u00f3n del papel y el trabajo femenino, de ah\u00ed el rescate que lleva a cabo en las comunidades con el objetivo de apoyar y estimular la actividad art\u00edstica y creativa de las mujeres, en especial de las m\u00e1s j\u00f3venes.<\/span><\/p>\n<\/p>\n<p><span class=\"text1noticias\">Como parte de esa labor, acot\u00f3 Vicioso, hemos realizado conciertos con textos musicalizados a partir de las d\u00e9cimas de las campesinas o poemas escritos por intelectuales de m\u00e1s renombre como Julia de Burgos.<\/span><\/p>\n<\/p>\n<p><span class=\"text1noticias\">Al hablar sobre su visi\u00f3n del Caribe, la intelectual apunt\u00f3 que descubri\u00f3 esta regi\u00f3n en Estados Unidos, pero no su literatura, eso solo lo logr\u00f3 con las publicaciones y el Premio de Casa de las Am\u00e9ricas, porque Cuba es el \u00fanico pa\u00eds del mundo donde los libros son asequibles.<\/span><\/p>\n<\/p>\n<p><span class=\"text1noticias\">Agreg\u00f3 que la desvalorizaci\u00f3n de la cultura caribe\u00f1a es producto del neocolonialismo, pues a las metr\u00f3polis no les interesa que conozcamos nuestra identidad, a lo que se une la barrera de la fragmentaci\u00f3n ling\u00fc\u00edstica.<\/span><\/p>\n<\/p>\n<p><span class=\"text1noticias\">No obstante, acot\u00f3, el ingl\u00e9s me ha permitido ver mejor el espa\u00f1ol desde afuera y valorar en su justo significado a las palabras, porque la poes\u00eda caribe\u00f1a es un crisol de culturas y lenguas infinitas, defini\u00f3.<\/span><\/p>\n<\/p>\n<p><span class=\"text1noticias\">Tras el encuentro con Vicioso fue presentado su \u00faltimo libro Cantares de la pasi\u00f3n l\u00edcita, un libro que recoge centeneras de poemas dedicados a Cuba, a la ciudad de Nueva York y a su natal Rep\u00fablica Dominicana, entre otros aspectos de la vida cotidiana, algunos le\u00eddos por su autora<\/span>.<\/p>\n<h6> 2012-02-14 18:45:11 <\/h6>\n<p><!--\n<link rel=\"stylesheet\" href=\"css\/bootstrap.min.css\">\n\n\n<ul class=\"pagination\">\n\t    \n\t\n\n<li >\n\t<a href='?page_no=17936'>Previous<\/a>\n\t<\/li>\n\n\n       \n    \n\n<li><a href='?page_no=1'>1<\/a><\/li>\n\n\n\n<li><a href='?page_no=2'>2<\/a><\/li>\n\n\n\n<li><a>...<\/a><\/li>\n\n\n\n<li><a href='?page_no=17935'>17935<\/a><\/li>\n\n\n\n<li><a href='?page_no=17936'>17936<\/a><\/li>\n\n\n\n<li class='active'><a>17937<\/a><\/li>\n\n\n\n<li><a href='?page_no=17938'>17938<\/a><\/li>\n\n\n\n<li><a href='?page_no=17939'>17939<\/a><\/li>\n\n\n\n<li><a>...<\/a><\/li>\n\n\n\n<li><a href='?page_no=22911'>22911<\/a><\/li>\n\n\n\n<li><a href='?page_no=22912'>22912<\/a><\/li>\n\n    \n\t\n\n<li >\n\t<a href='?page_no=17938'>Next<\/a>\n\t<\/li>\n\n\n    \n\n<li><a href='?page_no=22912'>Last &rsaquo;&rsaquo;<\/a><\/li>\n\n<\/ul>\n\n\n--><br \/>\n<\/body><\/p>\n","protected":false},"excerpt":{"rendered":"<p>La Habana, 14 feb (PL) Para los perdedores, Cuba es el lugar donde uno descubre que se puede volar, y ejemplo de alegr\u00eda y esperanza, sentenci\u00f3 aqu\u00ed la poetisa dominicana Chiqui Vicioso, invitada a la Feria Internacional del Libro. En el espacio Encuentro con&#8230;, que conduce la periodista cubana Magda Resik, la tambi\u00e9n dramaturga y [&hellip;]<\/p>\n","protected":false},"author":3,"featured_media":0,"comment_status":"open","ping_status":"open","sticky":false,"template":"","format":"standard","meta":{"footnotes":""},"categories":[21],"tags":[],"class_list":["post-66259","post","type-post","status-publish","format-standard","hentry","category-cultura"],"_links":{"self":[{"href":"https:\/\/diariodominicano.com\/index.php?rest_route=\/wp\/v2\/posts\/66259","targetHints":{"allow":["GET"]}}],"collection":[{"href":"https:\/\/diariodominicano.com\/index.php?rest_route=\/wp\/v2\/posts"}],"about":[{"href":"https:\/\/diariodominicano.com\/index.php?rest_route=\/wp\/v2\/types\/post"}],"author":[{"embeddable":true,"href":"https:\/\/diariodominicano.com\/index.php?rest_route=\/wp\/v2\/users\/3"}],"replies":[{"embeddable":true,"href":"https:\/\/diariodominicano.com\/index.php?rest_route=%2Fwp%2Fv2%2Fcomments&post=66259"}],"version-history":[{"count":0,"href":"https:\/\/diariodominicano.com\/index.php?rest_route=\/wp\/v2\/posts\/66259\/revisions"}],"wp:attachment":[{"href":"https:\/\/diariodominicano.com\/index.php?rest_route=%2Fwp%2Fv2%2Fmedia&parent=66259"}],"wp:term":[{"taxonomy":"category","embeddable":true,"href":"https:\/\/diariodominicano.com\/index.php?rest_route=%2Fwp%2Fv2%2Fcategories&post=66259"},{"taxonomy":"post_tag","embeddable":true,"href":"https:\/\/diariodominicano.com\/index.php?rest_route=%2Fwp%2Fv2%2Ftags&post=66259"}],"curies":[{"name":"wp","href":"https:\/\/api.w.org\/{rel}","templated":true}]}}