{"id":66258,"date":"2012-02-14T21:09:17","date_gmt":"2012-02-14T21:09:17","guid":{"rendered":"http:\/\/diariodominicano.ddns.net\/?p=66258"},"modified":"2012-02-14T21:09:17","modified_gmt":"2012-02-14T21:09:17","slug":"ministerio-de-cultura-inicia-tercera-etapa-programa-sembrando-teatro","status":"publish","type":"post","link":"https:\/\/diariodominicano.com\/?p=66258","title":{"rendered":"&#13;Ministerio de Cultura inicia tercera etapa programa \u00abSembrando Teatro\u00bb"},"content":{"rendered":"<p><body><\/p>\n<p><img decoding=\"async\" src=\"http:\/\/localhost:8080\/img3\/cultura.JPG\" \/>  <\/p>\n<p><span class=\"text1noticias\">SANTO DOMINGO, 14 Feb 2012.-El Ministerio de Cultura (Minc)  realiz\u00f3 el lanzamiento oficial  de la tercera etapa del programa  \u00abSembrando Teatro\u00bb, durante la celebraci\u00f3n de una breve ceremonia  en la Sala de Arte Ram\u00f3n Oviedo,  en la sede de la instituci\u00f3n.<\/span><\/p>\n<\/p>\n<p><span class=\"text1noticias\">La viceministro de Participaci\u00f3n y Creatividad Popular, Bernarda Jorge, encabez\u00f3 el acto junto a Basilio Nova, director del Centro Cultural Narciso Gonz\u00e1lez, Elizabeth Ovalle, directora del evento y  en la misma participaron profesores del plan.<\/span><\/p>\n<\/p>\n<p><span class=\"text1noticias\">Elizabeth Ovalle, dio la bienvenida a los presentes, y de inmediato explic\u00f3 las metas y alcances del programa que se inicia el pr\u00f3ximo d\u00eda 18, el cual durar\u00e1 tres meses, y   que busca dotar a j\u00f3venes estudiantes de los elementos creativos, valores \u00e9ticos   y morales, as\u00ed como la toma de conciencia junto a herramientas art\u00edsticas dentro de los conceptos teatrales.<\/span><\/p>\n<\/p>\n<p><span class=\"text1noticias\">Durante la ceremonia, Ovalle ley\u00f3 la asignaci\u00f3n de   las provincias que corresponden a los distintos profesores y se ofrecieron informaciones adicionales sobre los encargados de cultura en cada localidad, a los fines de facilitar el trabajo.<\/span><\/p>\n<\/p>\n<p><span class=\"text1noticias\">Participar\u00e1n 15 provincias del pa\u00eds: Barahona, Dajab\u00f3n, Independencia, Saman\u00e1, Higuey, Hato Mayor,  El Seybo, Salcedo, San Crist\u00f3bal, La Romana, Moca, La Vega, Monte Plata, Bonao y Ban\u00ed. Un total de 832 estudiantes de esas ciudades participar\u00e1n en los adiestramientos y se invertir\u00e1 cerca de un mill\u00f3n de pesos en el montaje del programa.<\/span><\/p>\n<\/p>\n<p><span class=\"text1noticias\">Inform\u00f3 que   se cuenta con un equipo de profesores altamente capacitados y de comprobada responsabilidad que laborar\u00e1n en un horario de once horas a la semana.<\/span><\/p>\n<\/p>\n<p><span class=\"text1noticias\">Do\u00f1a Bernarda Jorge, al intervenir en el acto inst\u00f3 a los profesores a cumplir cabalmente con su papel instruyendo adecuadamente a los alumnos, a los fines de que se obtengan los resultados esperados<\/span><\/p>\n<\/p>\n<p><span class=\"text1noticias\">Dijo que con el trabajo   se enriquecen y manifiestan las distintas expresiones culturales, y que espera lo mejor de cada uno de los participantes.<\/span><\/p>\n<\/p>\n<\/p>\n<h6> 2012-02-14 21:09:17 <\/h6>\n<p><!--\n<link rel=\"stylesheet\" href=\"css\/bootstrap.min.css\">\n\n\n<ul class=\"pagination\">\n\t    \n\t\n\n<li >\n\t<a href='?page_no=17935'>Previous<\/a>\n\t<\/li>\n\n\n       \n    \n\n<li><a href='?page_no=1'>1<\/a><\/li>\n\n\n\n<li><a href='?page_no=2'>2<\/a><\/li>\n\n\n\n<li><a>...<\/a><\/li>\n\n\n\n<li><a href='?page_no=17934'>17934<\/a><\/li>\n\n\n\n<li><a href='?page_no=17935'>17935<\/a><\/li>\n\n\n\n<li class='active'><a>17936<\/a><\/li>\n\n\n\n<li><a href='?page_no=17937'>17937<\/a><\/li>\n\n\n\n<li><a href='?page_no=17938'>17938<\/a><\/li>\n\n\n\n<li><a>...<\/a><\/li>\n\n\n\n<li><a href='?page_no=22911'>22911<\/a><\/li>\n\n\n\n<li><a href='?page_no=22912'>22912<\/a><\/li>\n\n    \n\t\n\n<li >\n\t<a href='?page_no=17937'>Next<\/a>\n\t<\/li>\n\n\n    \n\n<li><a href='?page_no=22912'>Last &rsaquo;&rsaquo;<\/a><\/li>\n\n<\/ul>\n\n\n--><br \/>\n<\/body><\/p>\n","protected":false},"excerpt":{"rendered":"<p>SANTO DOMINGO, 14 Feb 2012.-El Ministerio de Cultura (Minc) realiz\u00f3 el lanzamiento oficial de la tercera etapa del programa \u00abSembrando Teatro\u00bb, durante la celebraci\u00f3n de una breve ceremonia en la Sala de Arte Ram\u00f3n Oviedo, en la sede de la instituci\u00f3n. La viceministro de Participaci\u00f3n y Creatividad Popular, Bernarda Jorge, encabez\u00f3 el acto junto a [&hellip;]<\/p>\n","protected":false},"author":3,"featured_media":0,"comment_status":"open","ping_status":"open","sticky":false,"template":"","format":"standard","meta":{"footnotes":""},"categories":[21],"tags":[],"class_list":["post-66258","post","type-post","status-publish","format-standard","hentry","category-cultura"],"_links":{"self":[{"href":"https:\/\/diariodominicano.com\/index.php?rest_route=\/wp\/v2\/posts\/66258","targetHints":{"allow":["GET"]}}],"collection":[{"href":"https:\/\/diariodominicano.com\/index.php?rest_route=\/wp\/v2\/posts"}],"about":[{"href":"https:\/\/diariodominicano.com\/index.php?rest_route=\/wp\/v2\/types\/post"}],"author":[{"embeddable":true,"href":"https:\/\/diariodominicano.com\/index.php?rest_route=\/wp\/v2\/users\/3"}],"replies":[{"embeddable":true,"href":"https:\/\/diariodominicano.com\/index.php?rest_route=%2Fwp%2Fv2%2Fcomments&post=66258"}],"version-history":[{"count":0,"href":"https:\/\/diariodominicano.com\/index.php?rest_route=\/wp\/v2\/posts\/66258\/revisions"}],"wp:attachment":[{"href":"https:\/\/diariodominicano.com\/index.php?rest_route=%2Fwp%2Fv2%2Fmedia&parent=66258"}],"wp:term":[{"taxonomy":"category","embeddable":true,"href":"https:\/\/diariodominicano.com\/index.php?rest_route=%2Fwp%2Fv2%2Fcategories&post=66258"},{"taxonomy":"post_tag","embeddable":true,"href":"https:\/\/diariodominicano.com\/index.php?rest_route=%2Fwp%2Fv2%2Ftags&post=66258"}],"curies":[{"name":"wp","href":"https:\/\/api.w.org\/{rel}","templated":true}]}}