{"id":66256,"date":"2012-02-14T21:36:09","date_gmt":"2012-02-14T21:36:09","guid":{"rendered":"http:\/\/diariodominicano.ddns.net\/?p=66256"},"modified":"2012-02-14T21:36:09","modified_gmt":"2012-02-14T21:36:09","slug":"ministerio-de-hacienda-deposita-ofrenda-floral","status":"publish","type":"post","link":"https:\/\/diariodominicano.com\/?p=66256","title":{"rendered":"Ministerio de Hacienda deposita ofrenda floral"},"content":{"rendered":"<p><body><\/p>\n<p><img decoding=\"async\" src=\"img3\/haciendaflores.JPG\" \/>  <\/p>\n<p><span class=\"text1noticias\">Rep.Dom, 14 de febrero.- Funcionarios y empleados del Ministerio de Hacienda depositaron una ofrenda floral en el Altar de la Patria en el programa \u00abViva la Patria\u00bb auspiciado por la Comisi\u00f3n Permanente de Efem\u00e9rides Patria durante el mes de febrero.<\/span><\/p>\n<\/p>\n<p><span class=\"text1noticias\">\tLa actividad con motivo del Mes de la Patria fue encabezada por el viceministro de la cartera, Julio An\u00edbal Fern\u00e1ndez, en representaci\u00f3n del ministro, economista Daniel Toribio.<\/span><\/p>\n<\/p>\n<p><span class=\"text1noticias\">\tEl funcionario, al hablar en el acto, elogi\u00f3 la gallard\u00eda del  patricio Juan Pablo Duarte y sus dem\u00e1s compa\u00f1eros para proclamar la Independencia Nacional.<\/span><\/p>\n<\/p>\n<p><span class=\"text1noticias\">\tEnfatiz\u00f3 que con la entrega de la ofrenda floral, los funcionarios y empleados del Ministerio de Hacienda honran a los s  Padres de la Patria y la soberan\u00eda nacional.<\/span><\/p>\n<\/p>\n<p><span class=\"text1noticias\">\tAsimismo destac\u00f3 que el Gobierno dominicano continuar\u00e1 manteniendo su econom\u00eda econ\u00f3mica, que es la base de la independencia pol\u00edtica.<\/span><\/p>\n<\/p>\n<p><span class=\"text1noticias\">El  viceministro Fern\u00e1ndez culmin\u00f3 sus palabras recordando la exhortaci\u00f3n de Duarte: \u00abTrabajemos por y para la Patria que es lo mismo que trabajar por el pueblo y nuestros hijos\u00bb.<\/span><\/p>\n<\/p>\n<p><span class=\"text1noticias\">El Mes de la Patria, que comenz\u00f3 el 26 de enero, concluir\u00e1 el pr\u00f3ximo 27 de este mes, D\u00eda de la Independencia Nacional<\/span>.<\/p>\n<\/p>\n<h6> 2012-02-14 21:36:09 <\/h6>\n<p><!--\n<link rel=\"stylesheet\" href=\"css\/bootstrap.min.css\">\n\n\n<ul class=\"pagination\">\n\t    \n\t\n\n<li >\n\t<a href='?page_no=17933'>Previous<\/a>\n\t<\/li>\n\n\n       \n    \n\n<li><a href='?page_no=1'>1<\/a><\/li>\n\n\n\n<li><a href='?page_no=2'>2<\/a><\/li>\n\n\n\n<li><a>...<\/a><\/li>\n\n\n\n<li><a href='?page_no=17932'>17932<\/a><\/li>\n\n\n\n<li><a href='?page_no=17933'>17933<\/a><\/li>\n\n\n\n<li class='active'><a>17934<\/a><\/li>\n\n\n\n<li><a href='?page_no=17935'>17935<\/a><\/li>\n\n\n\n<li><a href='?page_no=17936'>17936<\/a><\/li>\n\n\n\n<li><a>...<\/a><\/li>\n\n\n\n<li><a href='?page_no=22911'>22911<\/a><\/li>\n\n\n\n<li><a href='?page_no=22912'>22912<\/a><\/li>\n\n    \n\t\n\n<li >\n\t<a href='?page_no=17935'>Next<\/a>\n\t<\/li>\n\n\n    \n\n<li><a href='?page_no=22912'>Last &rsaquo;&rsaquo;<\/a><\/li>\n\n<\/ul>\n\n\n--><br \/>\n<\/body><\/p>\n","protected":false},"excerpt":{"rendered":"<p>Rep.Dom, 14 de febrero.- Funcionarios y empleados del Ministerio de Hacienda depositaron una ofrenda floral en el Altar de la Patria en el programa \u00abViva la Patria\u00bb auspiciado por la Comisi\u00f3n Permanente de Efem\u00e9rides Patria durante el mes de febrero. La actividad con motivo del Mes de la Patria fue encabezada por el viceministro de [&hellip;]<\/p>\n","protected":false},"author":3,"featured_media":0,"comment_status":"open","ping_status":"open","sticky":false,"template":"","format":"standard","meta":{"footnotes":""},"categories":[21],"tags":[],"class_list":["post-66256","post","type-post","status-publish","format-standard","hentry","category-cultura"],"_links":{"self":[{"href":"https:\/\/diariodominicano.com\/index.php?rest_route=\/wp\/v2\/posts\/66256","targetHints":{"allow":["GET"]}}],"collection":[{"href":"https:\/\/diariodominicano.com\/index.php?rest_route=\/wp\/v2\/posts"}],"about":[{"href":"https:\/\/diariodominicano.com\/index.php?rest_route=\/wp\/v2\/types\/post"}],"author":[{"embeddable":true,"href":"https:\/\/diariodominicano.com\/index.php?rest_route=\/wp\/v2\/users\/3"}],"replies":[{"embeddable":true,"href":"https:\/\/diariodominicano.com\/index.php?rest_route=%2Fwp%2Fv2%2Fcomments&post=66256"}],"version-history":[{"count":0,"href":"https:\/\/diariodominicano.com\/index.php?rest_route=\/wp\/v2\/posts\/66256\/revisions"}],"wp:attachment":[{"href":"https:\/\/diariodominicano.com\/index.php?rest_route=%2Fwp%2Fv2%2Fmedia&parent=66256"}],"wp:term":[{"taxonomy":"category","embeddable":true,"href":"https:\/\/diariodominicano.com\/index.php?rest_route=%2Fwp%2Fv2%2Fcategories&post=66256"},{"taxonomy":"post_tag","embeddable":true,"href":"https:\/\/diariodominicano.com\/index.php?rest_route=%2Fwp%2Fv2%2Ftags&post=66256"}],"curies":[{"name":"wp","href":"https:\/\/api.w.org\/{rel}","templated":true}]}}