{"id":662559,"date":"2026-01-28T02:06:21","date_gmt":"2026-01-28T06:06:21","guid":{"rendered":"https:\/\/diariodominicano.com\/?p=662559"},"modified":"2026-01-28T02:11:01","modified_gmt":"2026-01-28T06:11:01","slug":"nasry-asfura-juramenta-como-presidente-constitucional-de-honduras","status":"publish","type":"post","link":"https:\/\/diariodominicano.com\/?p=662559","title":{"rendered":"Nasry Asfura juramenta como presidente constitucional de Honduras"},"content":{"rendered":"\n<p>Nasry Asfura<\/p>\n\n\n\n<p><em>spanish.news.cn<\/em>|<em>&nbsp;2026-01-28 01:08:15<\/em>|<\/p>\n\n\n\n<p>El presidente hondure\u00f1o, Nasry Asfura, reacciona al t\u00e9rmino de su ceremonia de toma de posesi\u00f3n, en Tegucigalpa, capital de Honduras, el 27 de enero de 2026. Nasry Asfura jurament\u00f3 el martes como presidente constitucional de Honduras para el per\u00edodo 2026-2030 en una ceremonia celebrada en el Congreso Nacional, luego de resultar vencedor en los comicios generales del pa\u00eds centroamericano celebrados el pasado 30 de noviembre. (Xinhua\/Rafael Ochoa)<\/p>\n\n\n\n<p><\/p>\n\n\n\n<p>TEGUCIGALPA, 27 ene (Xinhua) &#8212; Nasry Asfura jurament\u00f3 hoy martes como presidente constitucional de Honduras para el per\u00edodo 2026-2030 en una ceremonia celebrada en el Congreso Nacional, luego de resultar vencedor en los comicios generales del pa\u00eds centroamericano celebrados el pasado 30 de noviembre.<\/p>\n\n\n\n<p>Asfura jurament\u00f3 el cargo ante el presidente del Congreso Nacional de Honduras, Tom\u00e1s Zambrano, quien lo invisti\u00f3 con la banda presidencial, tal y como establece la Constituci\u00f3n hondure\u00f1a.<\/p>\n\n\n\n<p>\u00abTenemos que ponernos a trabajar, trabajar con humildad y con compromiso total que exige real llevar soluciones reales a nuestra querida Honduras\u00bb, dijo Asfura en su discurso de investidura.<\/p>\n\n\n\n<p>\u00abEl tiempo empez\u00f3 a correr, no podemos perdernos. Tenemos que resolver problemas a la gente para servir\u00bb, agreg\u00f3, al tiempo que anticip\u00f3 una reducci\u00f3n del Estado para obtener recursos para \u00abservir a la gente\u00bb y una gesti\u00f3n centrada en seguridad, salud, educaci\u00f3n e inversi\u00f3n.<\/p>\n\n\n\n<p>Tradicionalmente la ceremonia de toma de posesi\u00f3n del nuevo jefe de Estado en Honduras se ha celebrado en el Estadio Nacional ubicado en la capital hondure\u00f1a, pero el propio Asfura solicit\u00f3 que en esta ocasi\u00f3n se celebrara en el Congreso Nacional tambi\u00e9n en la capital hondure\u00f1a.<\/p>\n\n\n\n<p>La ceremonia fue discreta y no cont\u00f3 con la presencia de mandatarios de otros pa\u00edses ni de la presidenta saliente, Xiomara Castro.<\/p>\n\n\n\n<p>Asfura obtuvo el 40,27 por ciento de los votos en los comicios presidenciales como candidato del Partido Nacional, seguido por Salvador Nasralla, del Partido Liberal, con el 39,53 por ciento, y Rixi Moncada, del hasta hoy oficialista Libre, con el 19,19 por ciento.<\/p>\n\n\n\n<p>El nuevo mandatario hondure\u00f1o, un exalcalde de Tegucigalpa, fue declarado presidente electo por la autoridad electoral de Honduras 24 d\u00edas despu\u00e9s de los comicios, en medio de fallas del sistema de c\u00f3mputo y denuncias de irregularidades por parte de varios actores pol\u00edticos.<\/p>\n\n\n\n<figure class=\"wp-block-image\"><img decoding=\"async\" src=\"https:\/\/spanish.xinhuanet.com\/20260128\/f5001e5e9e304f91bcdc90af47deae55\/7abf137275294446ac1f1c61d6021912.jpg\" alt=\"\"\/><\/figure>\n\n\n\n<p>El presidente hondure\u00f1o, Nasry Asfura (d), camina acompa\u00f1ado de su esposa Lissette del Cid (c), al t\u00e9rmino de su ceremonia de toma de posesi\u00f3n, en Tegucigalpa, capital de Honduras, el 27 de enero de 2026. Nasry Asfura jurament\u00f3 el martes como presidente constitucional de Honduras para el per\u00edodo 2026-2030 en una ceremonia celebrada en el Congreso Nacional, luego de resultar vencedor en los comicios generales del pa\u00eds centroamericano celebrados el pasado 30 de noviembre. (Xinhua\/Rafael Ochoa)<\/p>\n\n\n\n<figure class=\"wp-block-image\"><img decoding=\"async\" src=\"https:\/\/spanish.xinhuanet.com\/20260128\/f5001e5e9e304f91bcdc90af47deae55\/2d1bab516cc14b52abce54713489ac33.jpg\" alt=\"\"\/><\/figure>\n\n\n\n<p>El presidente hondure\u00f1o, Nasry Asfura (d), camina al t\u00e9rmino de su ceremonia de toma de posesi\u00f3n, en Tegucigalpa, capital de Honduras, el 27 de enero de 2026. Nasry Asfura jurament\u00f3 el martes como presidente constitucional de Honduras para el per\u00edodo 2026-2030 en una ceremonia celebrada en el Congreso Nacional, luego de resultar vencedor en los comicios generales del pa\u00eds centroamericano celebrados el pasado 30 de noviembre. (Xinhua\/Rafael Ochoa)<\/p>\n\n\n\n<figure class=\"wp-block-image\"><img decoding=\"async\" src=\"https:\/\/spanish.xinhuanet.com\/20260128\/f5001e5e9e304f91bcdc90af47deae55\/0ca62b26437a4802ad415d368c820aa8.jpg\" alt=\"\"\/><\/figure>\n\n\n\n<p>Imagen prove\u00edda por la Presidencia de Honduras del presidente hondure\u00f1o, Nasry Asfura (d), participando en su ceremonia de toma de posesi\u00f3n en la sede del Congreso Nacional, en Tegucigalpa, capital de Honduras, el 27 de enero de 2026. Nasry Asfura jurament\u00f3 el martes como presidente constitucional de Honduras para el per\u00edodo 2026-2030 en una ceremonia celebrada en el Congreso Nacional, luego de resultar vencedor en los comicios generales del pa\u00eds centroamericano celebrados el pasado 30 de noviembre. (Xinhua\/Presidencia de Honduras)<\/p>\n\n\n\n<p><a href=\"https:\/\/www.facebook.com\/sharer\/sharer.php?u=https:\/\/spanish.xinhuanet.com\/20260128\/f5001e5e9e304f91bcdc90af47deae55\/c.html\" target=\"_blank\" rel=\"noreferrer noopener\"><\/a>&nbsp;<a href=\"https:\/\/twitter.com\/intent\/tweet?text=Nasry%20Asfura%20juramenta%20como%20presidente%20constitucional%20de%20Honduras&amp;url=https:\/\/spanish.xinhuanet.com\/20260128\/f5001e5e9e304f91bcdc90af47deae55\/c.html\" target=\"_blank\" rel=\"noreferrer noopener\"><\/a>&nbsp;<a target=\"_blank\" href=\"https:\/\/service.weibo.com\/share\/share.php?title=Nasry%20Asfura%20juramenta%20como%20presidente%20constitucional%20de%20Honduras&amp;url=https:\/\/spanish.xinhuanet.com\/20260128\/f5001e5e9e304f91bcdc90af47deae55\/c.html\" rel=\"noreferrer noopener\"><\/a>&nbsp;<a><\/a><\/p>\n","protected":false},"excerpt":{"rendered":"<p>Nasry Asfura spanish.news.cn|&nbsp;2026-01-28 01:08:15| El presidente hondure\u00f1o, Nasry Asfura, reacciona al t\u00e9rmino de su ceremonia de toma de posesi\u00f3n, en Tegucigalpa, capital de Honduras, el 27 de enero de 2026. Nasry Asfura jurament\u00f3 el martes como presidente constitucional de Honduras para el per\u00edodo 2026-2030 en una ceremonia celebrada en el Congreso Nacional, luego de resultar [&hellip;]<\/p>\n","protected":false},"author":2,"featured_media":662560,"comment_status":"open","ping_status":"closed","sticky":false,"template":"","format":"standard","meta":{"footnotes":""},"categories":[36,23,27],"tags":[3563,4101],"class_list":["post-662559","post","type-post","status-publish","format-standard","has-post-thumbnail","hentry","category-hombresmujeresycosas","category-internacional","category-portada","tag-honduras","tag-nasry-asfura"],"_links":{"self":[{"href":"https:\/\/diariodominicano.com\/index.php?rest_route=\/wp\/v2\/posts\/662559","targetHints":{"allow":["GET"]}}],"collection":[{"href":"https:\/\/diariodominicano.com\/index.php?rest_route=\/wp\/v2\/posts"}],"about":[{"href":"https:\/\/diariodominicano.com\/index.php?rest_route=\/wp\/v2\/types\/post"}],"author":[{"embeddable":true,"href":"https:\/\/diariodominicano.com\/index.php?rest_route=\/wp\/v2\/users\/2"}],"replies":[{"embeddable":true,"href":"https:\/\/diariodominicano.com\/index.php?rest_route=%2Fwp%2Fv2%2Fcomments&post=662559"}],"version-history":[{"count":2,"href":"https:\/\/diariodominicano.com\/index.php?rest_route=\/wp\/v2\/posts\/662559\/revisions"}],"predecessor-version":[{"id":662563,"href":"https:\/\/diariodominicano.com\/index.php?rest_route=\/wp\/v2\/posts\/662559\/revisions\/662563"}],"wp:featuredmedia":[{"embeddable":true,"href":"https:\/\/diariodominicano.com\/index.php?rest_route=\/wp\/v2\/media\/662560"}],"wp:attachment":[{"href":"https:\/\/diariodominicano.com\/index.php?rest_route=%2Fwp%2Fv2%2Fmedia&parent=662559"}],"wp:term":[{"taxonomy":"category","embeddable":true,"href":"https:\/\/diariodominicano.com\/index.php?rest_route=%2Fwp%2Fv2%2Fcategories&post=662559"},{"taxonomy":"post_tag","embeddable":true,"href":"https:\/\/diariodominicano.com\/index.php?rest_route=%2Fwp%2Fv2%2Ftags&post=662559"}],"curies":[{"name":"wp","href":"https:\/\/api.w.org\/{rel}","templated":true}]}}