{"id":66255,"date":"2012-02-15T12:42:38","date_gmt":"2012-02-15T12:42:38","guid":{"rendered":"http:\/\/diariodominicano.ddns.net\/?p=66255"},"modified":"2012-02-15T12:42:38","modified_gmt":"2012-02-15T12:42:38","slug":"fernandez-entrega-premio-nacional-a-la-calidad-2011","status":"publish","type":"post","link":"https:\/\/diariodominicano.com\/?p=66255","title":{"rendered":"Fern\u00e1ndez entrega Premio Nacional a la Calidad 2011"},"content":{"rendered":"<p><body><\/p>\n<p><span class=\"text1noticias\">Santo Domingo, RD, 15 febrero.-  En una concurrida ceremonia, el presidente Leonel Fern\u00e1ndez impuso este martes medallas de oro y bronce a 13 representantes de instituciones p\u00fablicas y privadas que fueron reconocidos por el Ministerio de Administraci\u00f3n P\u00fablica (MAP) por su excelente servicio a la ciudadan\u00eda.<\/span><\/p>\n<p><span class=\"text1noticias\">El acto de entrega del Premio Nacional a la Calidad, en su s\u00e9ptima versi\u00f3n, se realiz\u00f3 en el Sal\u00f3n Las Cari\u00e1tides del Palacio Nacional.<\/span><\/p>\n<p><span class=\"text1noticias\">El mandatario entreg\u00f3 el Gran Premio a la Tesorer\u00eda de la Seguridad Social, que dirige Henry Sadhal\u00e1, quien recibi\u00f3 el galard\u00f3n junto a otros miembros de la instituci\u00f3n.<\/span><\/p>\n<p><span class=\"text1noticias\">Fueron reconocidos con medallas de bronce, el Centro de Excelencia Rep\u00fablica de Colombia, el Despacho Judicial Penal de Santiago, el Centro de Exportaci\u00f3n e Inversi\u00f3n de la Rep\u00fablica Dominicana y el Servicio Regional de Salud VIII, Cibao Central, La Vega.<\/span><\/p>\n<p><span class=\"text1noticias\">El Jefe de Estado entreg\u00f3 medallas de plata al Centro de B\u00e1sica Emiliano Espaillat de S\u00e1nchez Ram\u00edrez, al Hospital Regional Universitario San Vicente de Pa\u00fal de San Francisco de Macor\u00eds, a la Superintendencia de Pensiones, a la Comisi\u00f3n Nacional de Energ\u00eda, al Instituto Dominicano de Aviaci\u00f3n Civil, Hospital Traumatol\u00f3gico Dr. Ney Arias Lora, y a la Oficina Nacional de Defensa P\u00fablica del Distrito Judicial de Santiago.<\/span><\/p>\n<p><span class=\"text1noticias\">En tanto, las medallas de oro fueron impuestas a los encargados de la Oficina Presidencial de Tecnolog\u00edas de la Informaci\u00f3n (OPTIC), Hospital Traumatol\u00f3gico Quir\u00fargico Profesor Juan Bosch, La Vega.<\/span><\/p>\n<p><span class=\"text1noticias\">En lo que concierne a las Pr\u00e1cticas Promisoria, el Jefe de Estado distingui\u00f3 al Servicio Regional VI en Valle San Juan de la Maguana y entreg\u00f3 reconocimientos especiales a doctor Luis Tenorio y al licenciado Mario Alburquerque por sus aportes al desarrollo del Premio.<\/span><\/p>\n<p><span class=\"text1noticias\">Adem\u00e1s, del presidente Fern\u00e1ndez, la ceremonia, donde se proyect\u00f3 un video sobre la trayectoria del Gran Premio, estuvo encabezada por el ministro de Administraci\u00f3n P\u00fablica, Ram\u00f3n Ventura Camejo; el Ministro de Administraci\u00f3n P\u00fablica y Seguridad de la Rep\u00fablica de Corea del Sur, D. Maeng Hyung-Kyu; la presidenta del Jurado del Premio Nacional a la Calidad y Reconocimiento a las Pr\u00e1cticas Promisorias, Isabel Le\u00f3n de Bison\u00f3.<\/span><\/p>\n<p><span class=\"text1noticias\">Al pronunciar el discurso central del acto, Ventura Camejo destac\u00f3 que el galard\u00f3n se entrega en el marco de la Cuarta Semana de la Calidad en la Rep\u00fablica Dominicana, la que en esta ocasi\u00f3n dedicada a la Rep\u00fablica de Corea.<\/span><\/p>\n<p><span class=\"text1noticias\">En tanto, el Ministro de la Rep\u00fablica de Corea, D. Maeng Hyung-Kyu; felicit\u00f3 a las entidades galardonas y dijo sentir admiraci\u00f3n por el liderazgo de la Rep\u00fablica Dominicana, que ha logrado alto sostenimiento econ\u00f3mico a pesar de la crisis mundial.<\/span><\/p>\n<p><span class=\"text1noticias\">Dijo que el papel de las instituciones p\u00fablicas es fundamental para el desarrollo de los pa\u00edses.<\/span><\/p>\n<p><span class=\"text1noticias\">Al hablar en nombre del jurado, Isabel Le\u00f3n extern\u00f3 el agradecimiento por la encomienda otorgada y destac\u00f3 la capacidad de los miembros para escoger de manera acertada en cada categor\u00eda.<\/span><\/p>\n<p><span class=\"text1noticias\">POSTULANTES<\/span><\/p>\n<p><span class=\"text1noticias\">Unas 28 instituciones postularon este a\u00f1o al premio, entre las que se encuentran el Instituto Dominicano de Aviaci\u00f3n Civil (IDAC), el Centro de Excelencia Rep\u00fablica de Colombia, el Centro de Exportaci\u00f3n e Inversi\u00f3n de Rep\u00fablica Dominicana (CEI-RD), la Comisi\u00f3n Nacional de Energ\u00eda y el Consejo Nacional de Zonas Francas de Exportaci\u00f3n y el Despacho de la Primera Dama (DPD).<\/span><\/p>\n<p><span class=\"text1noticias\">Igulamente, el Despacho Penal del Distrito Judicial de Santiago; la Direcci\u00f3n General de Contabilidad Gubernamental, la Direcci\u00f3n Provincial de Salud de El Seibo, los hospitales Regional Universitario Dr. Luis Ml. Morillo King, Regional Universitario Jaime Mota de Barahona, Traumatol\u00f3gico y Quir\u00fargico del Cibao Central Profesor Juan Bosch y Traumatol\u00f3gico Dr. Ney Arias Lora. Tambi\u00e9n la Oficina Presidencial de Tecnolog\u00edas de la Informaci\u00f3n y Comunicaci\u00f3n (OPTIC), la Superintendencia de Pensiones (SIPEN) y la Tesorer\u00eda de la Seguridad Social (TSS).<\/span><\/p>\n<p><span class=\"text1noticias\">Adem\u00e1s de Isabel Le\u00f3n, el jurado estuvo integrado por por Laura Castillo, subdirectora T\u00e9cnica del Consejo Nacional de Competitividad; Luis Villaverde, de la direcci\u00f3n de proyectos de la Fundaci\u00f3n Institucionalidad y Justicia (Finjus); Yudith Castillo, asesora legal y coordinadora de la Comisi\u00f3n Legal del Consejo Nacional de la Empresa Privada (Conep); Carlos Pimentel, del programa de Transparencia en la Gesti\u00f3n de Participaci\u00f3n Ciudadana y Escarlet Pe\u00f1a, de la Universidad Aut\u00f3noma de Santo Domingo.<\/span><\/p>\n<p><span class=\"text1noticias\">Tambi\u00e9n form\u00f3 parte del comit\u00e9, Patricia Pereyra, subdirectora general de la Direcci\u00f3n General de Normas y Sistemas de Calidad (Digenor); C\u00e9sar Nicol\u00e1s Penson, de la Asociaci\u00f3n de Empresas Industriales de Herrera (AEIH); Luis Soto, de la USAID; Sa\u00fal Abreu, de la Asociaci\u00f3n para el Desarrollo Estrat\u00e9gico Incorporado (APEDI) de Santiago; Emmanuel Castillo, director del peri\u00f3dico La Informaci\u00f3n de Santiago y Reynaldo Peguero, del \u00a8Plan Estrat\u00e9gico de Santiago.<\/span><\/p>\n<p><span class=\"text1noticias\">El Premio Nacional a la Calidad y Reconocimiento a las Pr\u00e1cticas Promisorias en el sector p\u00fablico fue instituido mediante el Decreto del Poder Ejecutivo No. 516-05, que plantea, en su art\u00edculo uno, que tiene \u00abel objeto de promover la mejora de la calidad en el servicio p\u00fablico y de destacar a las organizaciones que muestren pr\u00e1cticas promisorias y avances importantes en el servicio a los ciudadanos a trav\u00e9s de esfuerzos de mejorar en la gesti\u00f3n\u00bb.<\/span><\/p>\n<p><span class=\"text1noticias\">Pueden optar por el premio todos los organismos del sector p\u00fablico nacional, provincial o municipal de los poderes Ejecutivo, Legislativo o Judicial, centralizados, descentralizados y aut\u00f3nomos, que \u00aben el marco del proceso y los plazos establecidos, realicen una evaluaci\u00f3n interna, presenten una memoria, acepten las condiciones de participaci\u00f3n y se comprometan a compartir su experiencia en caso de premiaci\u00f3n o reconocimiento\u00bb<\/span>.<\/p>\n<\/p>\n<h6> 2012-02-15 12:42:38 <\/h6>\n<p><!--\n<link rel=\"stylesheet\" href=\"css\/bootstrap.min.css\">\n\n\n<ul class=\"pagination\">\n\t    \n\t\n\n<li >\n\t<a href='?page_no=17932'>Previous<\/a>\n\t<\/li>\n\n\n       \n    \n\n<li><a href='?page_no=1'>1<\/a><\/li>\n\n\n\n<li><a href='?page_no=2'>2<\/a><\/li>\n\n\n\n<li><a>...<\/a><\/li>\n\n\n\n<li><a href='?page_no=17931'>17931<\/a><\/li>\n\n\n\n<li><a href='?page_no=17932'>17932<\/a><\/li>\n\n\n\n<li class='active'><a>17933<\/a><\/li>\n\n\n\n<li><a href='?page_no=17934'>17934<\/a><\/li>\n\n\n\n<li><a href='?page_no=17935'>17935<\/a><\/li>\n\n\n\n<li><a>...<\/a><\/li>\n\n\n\n<li><a href='?page_no=22911'>22911<\/a><\/li>\n\n\n\n<li><a href='?page_no=22912'>22912<\/a><\/li>\n\n    \n\t\n\n<li >\n\t<a href='?page_no=17934'>Next<\/a>\n\t<\/li>\n\n\n    \n\n<li><a href='?page_no=22912'>Last &rsaquo;&rsaquo;<\/a><\/li>\n\n<\/ul>\n\n\n--><br \/>\n<\/body><\/p>\n","protected":false},"excerpt":{"rendered":"<p>Santo Domingo, RD, 15 febrero.- En una concurrida ceremonia, el presidente Leonel Fern\u00e1ndez impuso este martes medallas de oro y bronce a 13 representantes de instituciones p\u00fablicas y privadas que fueron reconocidos por el Ministerio de Administraci\u00f3n P\u00fablica (MAP) por su excelente servicio a la ciudadan\u00eda. El acto de entrega del Premio Nacional a la [&hellip;]<\/p>\n","protected":false},"author":3,"featured_media":0,"comment_status":"open","ping_status":"open","sticky":false,"template":"","format":"standard","meta":{"footnotes":""},"categories":[21],"tags":[],"class_list":["post-66255","post","type-post","status-publish","format-standard","hentry","category-cultura"],"_links":{"self":[{"href":"https:\/\/diariodominicano.com\/index.php?rest_route=\/wp\/v2\/posts\/66255","targetHints":{"allow":["GET"]}}],"collection":[{"href":"https:\/\/diariodominicano.com\/index.php?rest_route=\/wp\/v2\/posts"}],"about":[{"href":"https:\/\/diariodominicano.com\/index.php?rest_route=\/wp\/v2\/types\/post"}],"author":[{"embeddable":true,"href":"https:\/\/diariodominicano.com\/index.php?rest_route=\/wp\/v2\/users\/3"}],"replies":[{"embeddable":true,"href":"https:\/\/diariodominicano.com\/index.php?rest_route=%2Fwp%2Fv2%2Fcomments&post=66255"}],"version-history":[{"count":0,"href":"https:\/\/diariodominicano.com\/index.php?rest_route=\/wp\/v2\/posts\/66255\/revisions"}],"wp:attachment":[{"href":"https:\/\/diariodominicano.com\/index.php?rest_route=%2Fwp%2Fv2%2Fmedia&parent=66255"}],"wp:term":[{"taxonomy":"category","embeddable":true,"href":"https:\/\/diariodominicano.com\/index.php?rest_route=%2Fwp%2Fv2%2Fcategories&post=66255"},{"taxonomy":"post_tag","embeddable":true,"href":"https:\/\/diariodominicano.com\/index.php?rest_route=%2Fwp%2Fv2%2Ftags&post=66255"}],"curies":[{"name":"wp","href":"https:\/\/api.w.org\/{rel}","templated":true}]}}