{"id":66254,"date":"2012-02-15T14:59:25","date_gmt":"2012-02-15T14:59:25","guid":{"rendered":"http:\/\/diariodominicano.ddns.net\/?p=66254"},"modified":"2012-02-15T14:59:25","modified_gmt":"2012-02-15T14:59:25","slug":"despacho-primera-dama-dona-libros-de-cuentos-a-fundacion-de-mata-de-palma-de-la-comunidad-de-guerra","status":"publish","type":"post","link":"https:\/\/diariodominicano.com\/?p=66254","title":{"rendered":"Despacho Primera dama dona Libros de Cuentos a Fundaci\u00f3n de Mata de Palma de la comunidad de Guerra"},"content":{"rendered":"<p><body><\/p>\n<p><img decoding=\"async\" src=\"img3\/ninhos con libros.JPG\" \/>  <\/p>\n<p><span class=\"text1noticias\">Santo Domingo, RD, 15 febrero.-  Con el prop\u00f3sito de fomentar el h\u00e1bito de la lectura en ni\u00f1os de escasos recursos econ\u00f3micos el Despacho de la Primera Dama don\u00f3 libros de cuentos a la Fundaci\u00f3n Carita de Dios Ni\u00f1os Felices.<\/span><\/p>\n<p><span class=\"text1noticias\">La doctora Margarita Cede\u00f1o de Fern\u00e1ndez, promueve en el mensaje de la memoria de los a\u00f1os 2010-2011, que los libros permiten a los ni\u00f1os y ni\u00f1as so\u00f1ar y vivir en un mundo de imaginaci\u00f3n, adquirir valores, y los convierte en seres m\u00e1s sensibles.<\/span><\/p>\n<p><span class=\"text1noticias\">\u00abLa lectura es el eje de la educaci\u00f3n, y nos deja ver la riqueza de nuestra capacidad creativa,\u00bb dijo.<\/span><\/p>\n<p><span class=\"text1noticias\">De su lado, la presidenta del organismo la periodista Flavia Rosario dijo que con este donativo comenzamos a trabajar con un club de lectura y   agradeci\u00f3  el gesto de la primera dama.<\/span><\/p>\n<p><span class=\"text1noticias\">Aunque la fundaci\u00f3n no tiene una estructura f\u00edsica valoramos lo que nos llega y, hacemos todo lo posible por hacer realidad los derechos de los ni\u00f1os de escasos recursos, \u00absobre todo de comunidades marginadas\u00bb.<\/span><\/p>\n<p><span class=\"text1noticias\">Rosario dijo que los  ni\u00f1os est\u00e1n entusiasmados con los libros por lo que van a impregnarle el h\u00e1bito de la lectura, ya que es una herencia que se queda en el individuo. <\/span><\/p>\n<p><span class=\"text1noticias\">\u00abSembrar es lo que queremos para cosechar ni\u00f1os de bien que puedan servir a una sociedad digna de valores cristianos, \u00abprecis\u00f3.<\/span><\/p>\n<p><span class=\"text1noticias\">De los libros donados se encuentran: La calle del miedo, Caperucita Roja, El Fantasma de Canteville, Emilia y el Aprendiz de Mago, Cuentos para re\u00edr y temblar, Pulgarcita, el Gato con botas entre otros<\/span>.<\/p>\n<\/p>\n<h6> 2012-02-15 14:59:25 <\/h6>\n<p><!--\n<link rel=\"stylesheet\" href=\"css\/bootstrap.min.css\">\n\n\n<ul class=\"pagination\">\n\t    \n\t\n\n<li >\n\t<a href='?page_no=17931'>Previous<\/a>\n\t<\/li>\n\n\n       \n    \n\n<li><a href='?page_no=1'>1<\/a><\/li>\n\n\n\n<li><a href='?page_no=2'>2<\/a><\/li>\n\n\n\n<li><a>...<\/a><\/li>\n\n\n\n<li><a href='?page_no=17930'>17930<\/a><\/li>\n\n\n\n<li><a href='?page_no=17931'>17931<\/a><\/li>\n\n\n\n<li class='active'><a>17932<\/a><\/li>\n\n\n\n<li><a href='?page_no=17933'>17933<\/a><\/li>\n\n\n\n<li><a href='?page_no=17934'>17934<\/a><\/li>\n\n\n\n<li><a>...<\/a><\/li>\n\n\n\n<li><a href='?page_no=22911'>22911<\/a><\/li>\n\n\n\n<li><a href='?page_no=22912'>22912<\/a><\/li>\n\n    \n\t\n\n<li >\n\t<a href='?page_no=17933'>Next<\/a>\n\t<\/li>\n\n\n    \n\n<li><a href='?page_no=22912'>Last &rsaquo;&rsaquo;<\/a><\/li>\n\n<\/ul>\n\n\n--><br \/>\n<\/body><\/p>\n","protected":false},"excerpt":{"rendered":"<p>Santo Domingo, RD, 15 febrero.- Con el prop\u00f3sito de fomentar el h\u00e1bito de la lectura en ni\u00f1os de escasos recursos econ\u00f3micos el Despacho de la Primera Dama don\u00f3 libros de cuentos a la Fundaci\u00f3n Carita de Dios Ni\u00f1os Felices. La doctora Margarita Cede\u00f1o de Fern\u00e1ndez, promueve en el mensaje de la memoria de los a\u00f1os [&hellip;]<\/p>\n","protected":false},"author":3,"featured_media":0,"comment_status":"open","ping_status":"open","sticky":false,"template":"","format":"standard","meta":{"footnotes":""},"categories":[21],"tags":[],"class_list":["post-66254","post","type-post","status-publish","format-standard","hentry","category-cultura"],"_links":{"self":[{"href":"https:\/\/diariodominicano.com\/index.php?rest_route=\/wp\/v2\/posts\/66254","targetHints":{"allow":["GET"]}}],"collection":[{"href":"https:\/\/diariodominicano.com\/index.php?rest_route=\/wp\/v2\/posts"}],"about":[{"href":"https:\/\/diariodominicano.com\/index.php?rest_route=\/wp\/v2\/types\/post"}],"author":[{"embeddable":true,"href":"https:\/\/diariodominicano.com\/index.php?rest_route=\/wp\/v2\/users\/3"}],"replies":[{"embeddable":true,"href":"https:\/\/diariodominicano.com\/index.php?rest_route=%2Fwp%2Fv2%2Fcomments&post=66254"}],"version-history":[{"count":0,"href":"https:\/\/diariodominicano.com\/index.php?rest_route=\/wp\/v2\/posts\/66254\/revisions"}],"wp:attachment":[{"href":"https:\/\/diariodominicano.com\/index.php?rest_route=%2Fwp%2Fv2%2Fmedia&parent=66254"}],"wp:term":[{"taxonomy":"category","embeddable":true,"href":"https:\/\/diariodominicano.com\/index.php?rest_route=%2Fwp%2Fv2%2Fcategories&post=66254"},{"taxonomy":"post_tag","embeddable":true,"href":"https:\/\/diariodominicano.com\/index.php?rest_route=%2Fwp%2Fv2%2Ftags&post=66254"}],"curies":[{"name":"wp","href":"https:\/\/api.w.org\/{rel}","templated":true}]}}