{"id":66253,"date":"2012-02-15T15:29:09","date_gmt":"2012-02-15T15:29:09","guid":{"rendered":"http:\/\/diariodominicano.ddns.net\/?p=66253"},"modified":"2012-02-15T15:29:09","modified_gmt":"2012-02-15T15:29:09","slug":"cultura-inicia-tercera-etapa-programa-sembrando-teatro","status":"publish","type":"post","link":"https:\/\/diariodominicano.com\/?p=66253","title":{"rendered":"Cultura inicia tercera etapa programa \u00abSembrando Teatro\u00bb"},"content":{"rendered":"<p><body><\/p>\n<p><span class=\"text1noticias\">Santo Domingo, RD 15 febrero.- El Ministerio de Cultura lanz\u00f3 de manera oficial la tercera etapa del programa  \u00abSembrando Teatro\u00bb, que comienza el s\u00e1bado.<\/span><\/p>\n<p><span class=\"text1noticias\"> <\/span><\/p>\n<p><span class=\"text1noticias\">La ceremonia fue efectuada en la Sala de Arte Ram\u00f3n Oviedo, en la sede de la instituci\u00f3n.<\/span><\/p>\n<p><span class=\"text1noticias\"> <\/span><\/p>\n<p><span class=\"text1noticias\">La viceministro de Participaci\u00f3n y Creatividad Popular, Bernarda Jorge, encabez\u00f3 el acto junto a Basilio Nova, director del Centro Cultural Narciso Gonz\u00e1lez y Elizabeth Ovalle, directora del evento.<\/span><\/p>\n<p><span class=\"text1noticias\"> <\/span><\/p>\n<p><span class=\"text1noticias\">Ovalle explic\u00f3 que el programa busca dotar a j\u00f3venes estudiantes de los elementos creativos, valores \u00e9ticos  y morales as\u00ed como la toma de conciencia junto a herramientas art\u00edsticas dentro de los conceptos teatrales.<\/span><\/p>\n<p><span class=\"text1noticias\"> <\/span><\/p>\n<p><span class=\"text1noticias\">Ley\u00f3 la asignaci\u00f3n de las provincias que corresponde a los profesores y se ofreci\u00f3 informaciones adicionales sobre los encargados de cultura en cada localidad, a los fines de facilitar el trabajo.<\/span><\/p>\n<p><span class=\"text1noticias\"> <\/span><\/p>\n<p><span class=\"text1noticias\">Indic\u00f3 que dicho programa durar\u00e1 tres meses y participar\u00e1n las provincias de Barahona, Dajab\u00f3n, Independencia, Saman\u00e1, Higuey, Hato Mayor,  El Seybo, Salcedo, San Crist\u00f3bal, La Romana, Moca, La Vega, Monte Plata, Bonao y Ban\u00ed. <\/span><\/p>\n<p><span class=\"text1noticias\"> <\/span><\/p>\n<p><span class=\"text1noticias\">Expres\u00f3 que en los adiestramientos estar\u00e1n 832 estudiantes de esas ciudades. Al menos un mill\u00f3n de pesos ser\u00e1 invertido en el montaje<\/span>.<\/p>\n<h6> 2012-02-15 15:29:09 <\/h6>\n<p><!--\n<link rel=\"stylesheet\" href=\"css\/bootstrap.min.css\">\n\n\n<ul class=\"pagination\">\n\t    \n\t\n\n<li >\n\t<a href='?page_no=17930'>Previous<\/a>\n\t<\/li>\n\n\n       \n    \n\n<li><a href='?page_no=1'>1<\/a><\/li>\n\n\n\n<li><a href='?page_no=2'>2<\/a><\/li>\n\n\n\n<li><a>...<\/a><\/li>\n\n\n\n<li><a href='?page_no=17929'>17929<\/a><\/li>\n\n\n\n<li><a href='?page_no=17930'>17930<\/a><\/li>\n\n\n\n<li class='active'><a>17931<\/a><\/li>\n\n\n\n<li><a href='?page_no=17932'>17932<\/a><\/li>\n\n\n\n<li><a href='?page_no=17933'>17933<\/a><\/li>\n\n\n\n<li><a>...<\/a><\/li>\n\n\n\n<li><a href='?page_no=22911'>22911<\/a><\/li>\n\n\n\n<li><a href='?page_no=22912'>22912<\/a><\/li>\n\n    \n\t\n\n<li >\n\t<a href='?page_no=17932'>Next<\/a>\n\t<\/li>\n\n\n    \n\n<li><a href='?page_no=22912'>Last &rsaquo;&rsaquo;<\/a><\/li>\n\n<\/ul>\n\n\n--><br \/>\n<\/body><\/p>\n","protected":false},"excerpt":{"rendered":"<p>Santo Domingo, RD 15 febrero.- El Ministerio de Cultura lanz\u00f3 de manera oficial la tercera etapa del programa \u00abSembrando Teatro\u00bb, que comienza el s\u00e1bado. La ceremonia fue efectuada en la Sala de Arte Ram\u00f3n Oviedo, en la sede de la instituci\u00f3n. La viceministro de Participaci\u00f3n y Creatividad Popular, Bernarda Jorge, encabez\u00f3 el acto junto a [&hellip;]<\/p>\n","protected":false},"author":3,"featured_media":0,"comment_status":"open","ping_status":"open","sticky":false,"template":"","format":"standard","meta":{"footnotes":""},"categories":[21],"tags":[],"class_list":["post-66253","post","type-post","status-publish","format-standard","hentry","category-cultura"],"_links":{"self":[{"href":"https:\/\/diariodominicano.com\/index.php?rest_route=\/wp\/v2\/posts\/66253","targetHints":{"allow":["GET"]}}],"collection":[{"href":"https:\/\/diariodominicano.com\/index.php?rest_route=\/wp\/v2\/posts"}],"about":[{"href":"https:\/\/diariodominicano.com\/index.php?rest_route=\/wp\/v2\/types\/post"}],"author":[{"embeddable":true,"href":"https:\/\/diariodominicano.com\/index.php?rest_route=\/wp\/v2\/users\/3"}],"replies":[{"embeddable":true,"href":"https:\/\/diariodominicano.com\/index.php?rest_route=%2Fwp%2Fv2%2Fcomments&post=66253"}],"version-history":[{"count":0,"href":"https:\/\/diariodominicano.com\/index.php?rest_route=\/wp\/v2\/posts\/66253\/revisions"}],"wp:attachment":[{"href":"https:\/\/diariodominicano.com\/index.php?rest_route=%2Fwp%2Fv2%2Fmedia&parent=66253"}],"wp:term":[{"taxonomy":"category","embeddable":true,"href":"https:\/\/diariodominicano.com\/index.php?rest_route=%2Fwp%2Fv2%2Fcategories&post=66253"},{"taxonomy":"post_tag","embeddable":true,"href":"https:\/\/diariodominicano.com\/index.php?rest_route=%2Fwp%2Fv2%2Ftags&post=66253"}],"curies":[{"name":"wp","href":"https:\/\/api.w.org\/{rel}","templated":true}]}}