{"id":66252,"date":"2012-02-15T15:50:21","date_gmt":"2012-02-15T15:50:21","guid":{"rendered":"http:\/\/diariodominicano.ddns.net\/?p=66252"},"modified":"2012-02-15T15:50:21","modified_gmt":"2012-02-15T15:50:21","slug":"embajada-dominicana-en-bruselas-inaugura-exposicion-coleccion-museo-bellapart","status":"publish","type":"post","link":"https:\/\/diariodominicano.com\/?p=66252","title":{"rendered":"Embajada dominicana en Bruselas inaugura exposici\u00f3n Colecci\u00f3n Museo Bellapart"},"content":{"rendered":"<p><body><\/p>\n<p><span class=\"text1noticias\">Santo Domingo, RD 15 febrero.- La Embajada dominicana en Bruselas y el Museo Bellapart, con el apoyo de la Alcald\u00eda de la Ciudad de Bruselas dejaron inaugurada, la exposici\u00f3n \u00abEn el Trayecto del Sol: Modernidad y Vanguardias en la Pintura Dominicana\u00bb, en la prestigiosa sala ojival de la Alcad\u00eda.<\/span><\/p>\n<\/p>\n<p><span class=\"text1noticias\">Se trata de una selecci\u00f3n de 30 obras de 19 maestros de la pl\u00e1stica nacional de la colecci\u00f3n de Juan Jos\u00e9 Bellapart.<\/span><\/p>\n<\/p>\n<p><span class=\"text1noticias\">El acto fue precedido por Hamza Fassi-Fihri, regidor de Cultura de la ciudad de Bruselas; el embajador de la Rep\u00fablica Dominicana en B\u00e9lgica, Alejandro Gonz\u00e1lez Pons; con la presencia de los embajadores de Ecuador, Venezuela, Israel, Benin, El Salvador, entre otros miembros del Cuerpo Diplom\u00e1tico. Asistieron tambi\u00e9n dominicanos residentes en B\u00e9lgica, artistas y otras personalidades.<\/span><\/p>\n<\/p>\n<p><span class=\"text1noticias\">La exposici\u00f3n, bajo la curadur\u00eda de Luisa Auffant, es una de las m\u00e1s importantes muestras del Arte Latinoamericano que se han exhibido en esta ciudad, capital de Europa y ahora se muestra en el Pa\u00eds, abierta al p\u00fablico hasta el 26 de febrero, con el apoyo del Ministerio de Cultura, el Ministerio de Turismo y de su Oficina local para el Benelux, Seguros Universal y Air France. <\/span><\/p>\n<\/p>\n<p><span class=\"text1noticias\">La muestra forma parte de los actos conmemorativos del 168 aniversario de la Independencia Nacional<\/span>.<\/p>\n<\/p>\n<h6> 2012-02-15 15:50:21 <\/h6>\n<p><!--\n<link rel=\"stylesheet\" href=\"css\/bootstrap.min.css\">\n\n\n<ul class=\"pagination\">\n\t    \n\t\n\n<li >\n\t<a href='?page_no=17929'>Previous<\/a>\n\t<\/li>\n\n\n       \n    \n\n<li><a href='?page_no=1'>1<\/a><\/li>\n\n\n\n<li><a href='?page_no=2'>2<\/a><\/li>\n\n\n\n<li><a>...<\/a><\/li>\n\n\n\n<li><a href='?page_no=17928'>17928<\/a><\/li>\n\n\n\n<li><a href='?page_no=17929'>17929<\/a><\/li>\n\n\n\n<li class='active'><a>17930<\/a><\/li>\n\n\n\n<li><a href='?page_no=17931'>17931<\/a><\/li>\n\n\n\n<li><a href='?page_no=17932'>17932<\/a><\/li>\n\n\n\n<li><a>...<\/a><\/li>\n\n\n\n<li><a href='?page_no=22911'>22911<\/a><\/li>\n\n\n\n<li><a href='?page_no=22912'>22912<\/a><\/li>\n\n    \n\t\n\n<li >\n\t<a href='?page_no=17931'>Next<\/a>\n\t<\/li>\n\n\n    \n\n<li><a href='?page_no=22912'>Last &rsaquo;&rsaquo;<\/a><\/li>\n\n<\/ul>\n\n\n--><br \/>\n<\/body><\/p>\n","protected":false},"excerpt":{"rendered":"<p>Santo Domingo, RD 15 febrero.- La Embajada dominicana en Bruselas y el Museo Bellapart, con el apoyo de la Alcald\u00eda de la Ciudad de Bruselas dejaron inaugurada, la exposici\u00f3n \u00abEn el Trayecto del Sol: Modernidad y Vanguardias en la Pintura Dominicana\u00bb, en la prestigiosa sala ojival de la Alcad\u00eda. Se trata de una selecci\u00f3n de [&hellip;]<\/p>\n","protected":false},"author":3,"featured_media":0,"comment_status":"open","ping_status":"open","sticky":false,"template":"","format":"standard","meta":{"footnotes":""},"categories":[21],"tags":[],"class_list":["post-66252","post","type-post","status-publish","format-standard","hentry","category-cultura"],"_links":{"self":[{"href":"https:\/\/diariodominicano.com\/index.php?rest_route=\/wp\/v2\/posts\/66252","targetHints":{"allow":["GET"]}}],"collection":[{"href":"https:\/\/diariodominicano.com\/index.php?rest_route=\/wp\/v2\/posts"}],"about":[{"href":"https:\/\/diariodominicano.com\/index.php?rest_route=\/wp\/v2\/types\/post"}],"author":[{"embeddable":true,"href":"https:\/\/diariodominicano.com\/index.php?rest_route=\/wp\/v2\/users\/3"}],"replies":[{"embeddable":true,"href":"https:\/\/diariodominicano.com\/index.php?rest_route=%2Fwp%2Fv2%2Fcomments&post=66252"}],"version-history":[{"count":0,"href":"https:\/\/diariodominicano.com\/index.php?rest_route=\/wp\/v2\/posts\/66252\/revisions"}],"wp:attachment":[{"href":"https:\/\/diariodominicano.com\/index.php?rest_route=%2Fwp%2Fv2%2Fmedia&parent=66252"}],"wp:term":[{"taxonomy":"category","embeddable":true,"href":"https:\/\/diariodominicano.com\/index.php?rest_route=%2Fwp%2Fv2%2Fcategories&post=66252"},{"taxonomy":"post_tag","embeddable":true,"href":"https:\/\/diariodominicano.com\/index.php?rest_route=%2Fwp%2Fv2%2Ftags&post=66252"}],"curies":[{"name":"wp","href":"https:\/\/api.w.org\/{rel}","templated":true}]}}