{"id":66250,"date":"2012-02-15T21:17:04","date_gmt":"2012-02-15T21:17:04","guid":{"rendered":"http:\/\/diariodominicano.ddns.net\/?p=66250"},"modified":"2012-02-15T21:17:04","modified_gmt":"2012-02-15T21:17:04","slug":"romance-latino-ii-con-exito-rotundo-en-bellas-artes","status":"publish","type":"post","link":"https:\/\/diariodominicano.com\/?p=66250","title":{"rendered":"&#13;Romance Latino II con \u00e9xito rotundo en Bellas Artes"},"content":{"rendered":"<p><body><\/p>\n<p><img decoding=\"async\" src=\"img3\/bolero3.JPG\" \/><br \/><img decoding=\"async\" src=\"img3\/bolero1.JPG\" \/><br \/><img decoding=\"async\" src=\"img3\/bolero2.JPG\" \/>  <\/p>\n<p><span class=\"text1noticias\">SANTO DOMINGO, 15 Feb 2012.-El bolero, g\u00e9nero musical de origen cubano, que se expandi\u00f3 por otros pa\u00edses hispanoamericanos, como M\u00e9xico, Rep\u00fablica Dominicana, Puerto Rico, Colombia, Ecuador, Per\u00fa, Panam\u00e1, Costa Rica, Chile y Venezuela, se niega a ceder su espacio a los ritmos modernos.<\/span><\/p>\n<p><span class=\"text1noticias\"> <\/span><\/p>\n<p><span class=\"text1noticias\">El pasado lunes el bolero tuvo en la Sala M\u00e1ximo Avil\u00e9s Blonda, del Palacio de Bellas Artes, una noche de canto y ensue\u00f1o a cargo de un tenor y una soprano, de calidad mostrada en sus interpretaciones.<\/span><\/p>\n<p><span class=\"text1noticias\"> <\/span><\/p>\n<p><span class=\"text1noticias\">El tenor Edgar P\u00e9rez Mart\u00ednez y la soprano Melliangg\u00e9 P\u00e9rez re-editaron el espect\u00e1culo del mismo nombre (Romance) presentado el pasado a\u00f1o, en este mismo auditorio, cuando centenares de personas (que tambi\u00e9n repitieron su asistencia esta vez) disfrutaron del arte musical popular, aderezado por la preparaci\u00f3n cl\u00e1sica de los dos vocalistas.<\/span><\/p>\n<p><span class=\"text1noticias\"> <\/span><\/p>\n<p><span class=\"text1noticias\">Entre las piezas que interpretaron se encuentran: Peregrino sin Amor y Tres Veces te amo (Manuel Troncoso); El Sonido de Tu Voz (Rafael Solano);Piel canela (Boby Cap\u00f3, Cuba); As\u00ed (Mar\u00eda Greveer, M\u00e8xico);  No  te importe saber (Ren\u00e9 Toizet, Cuba);  Te amar\u00e9 toda la  Vida (Enrique Navarro, M\u00e9xico) y Obsesi\u00f3n (Pedro Flores, Puerto Rico).<\/span><\/p>\n<p><span class=\"text1noticias\"> <\/span><\/p>\n<p><span class=\"text1noticias\"><strong><em><u>Homenaje a Solano<\/u><\/em><\/strong><\/span><\/p>\n<\/p>\n<p><span class=\"text1noticias\">Como parte del espect\u00e1culo, se rindi\u00f3 un homenaje al maestro Rafael Solano, quien subi\u00f3 a escenario para recibir un pergamino en reconocimiento de su aporte al bolero y a la m\u00fasica.<\/span><\/p>\n<p><span class=\"text1noticias\"> <\/span><\/p>\n<p><span class=\"text1noticias\">Los dos int\u00e9rpretes destacaron la importancia de la creaci\u00f3n art\u00edstica de Solano en materia de m\u00fasica popular, lo que el maestro agradeci\u00f3 y consider\u00f3 que su mejor homenaje es el hecho de su m\u00fasica siga gustando al p\u00fablico y que la obra realizada tenga o\u00eddos que la disfruten.<\/span><\/p>\n<p><span class=\"text1noticias\"> <\/span><\/p>\n<p><span class=\"text1noticias\">El tenor Edgar P\u00e9rez Mart\u00ednez, quien es un prestigioso y asentado m\u00e9dico dominicano en el exterior, produjo gratuitamente  el espect\u00e1culo, asumiendo todos sus gastos por amor al arte musical trascendente.<\/span><\/p>\n<p><span class=\"text1noticias\"> <\/span><\/p>\n<p><span class=\"text1noticias\">La producci\u00f3n de televisi\u00f3n estuvo a cargo de Miguel Fern\u00e1ndez (Kadafi), quien indic\u00f3 que se grab\u00f3 profesionalmente a cuatro c\u00e1maras para editar un disco DVD que sirva para promover esta m\u00fasica, orientada al p\u00fablico adulto que le gusta y a que sea conocida y disfrutada por la juventud que no ha tenido oportunidad de hacerla suya.<\/span><\/p>\n<\/p>\n<h6> 2012-02-15 21:17:04 <\/h6>\n<p><!--\n<link rel=\"stylesheet\" href=\"css\/bootstrap.min.css\">\n\n\n<ul class=\"pagination\">\n\t    \n\t\n\n<li >\n\t<a href='?page_no=17927'>Previous<\/a>\n\t<\/li>\n\n\n       \n    \n\n<li><a href='?page_no=1'>1<\/a><\/li>\n\n\n\n<li><a href='?page_no=2'>2<\/a><\/li>\n\n\n\n<li><a>...<\/a><\/li>\n\n\n\n<li><a href='?page_no=17926'>17926<\/a><\/li>\n\n\n\n<li><a href='?page_no=17927'>17927<\/a><\/li>\n\n\n\n<li class='active'><a>17928<\/a><\/li>\n\n\n\n<li><a href='?page_no=17929'>17929<\/a><\/li>\n\n\n\n<li><a href='?page_no=17930'>17930<\/a><\/li>\n\n\n\n<li><a>...<\/a><\/li>\n\n\n\n<li><a href='?page_no=22911'>22911<\/a><\/li>\n\n\n\n<li><a href='?page_no=22912'>22912<\/a><\/li>\n\n    \n\t\n\n<li >\n\t<a href='?page_no=17929'>Next<\/a>\n\t<\/li>\n\n\n    \n\n<li><a href='?page_no=22912'>Last &rsaquo;&rsaquo;<\/a><\/li>\n\n<\/ul>\n\n\n--><br \/>\n<\/body><\/p>\n","protected":false},"excerpt":{"rendered":"<p>SANTO DOMINGO, 15 Feb 2012.-El bolero, g\u00e9nero musical de origen cubano, que se expandi\u00f3 por otros pa\u00edses hispanoamericanos, como M\u00e9xico, Rep\u00fablica Dominicana, Puerto Rico, Colombia, Ecuador, Per\u00fa, Panam\u00e1, Costa Rica, Chile y Venezuela, se niega a ceder su espacio a los ritmos modernos. El pasado lunes el bolero tuvo en la Sala M\u00e1ximo Avil\u00e9s Blonda, [&hellip;]<\/p>\n","protected":false},"author":3,"featured_media":0,"comment_status":"open","ping_status":"open","sticky":false,"template":"","format":"standard","meta":{"footnotes":""},"categories":[21],"tags":[],"class_list":["post-66250","post","type-post","status-publish","format-standard","hentry","category-cultura"],"_links":{"self":[{"href":"https:\/\/diariodominicano.com\/index.php?rest_route=\/wp\/v2\/posts\/66250","targetHints":{"allow":["GET"]}}],"collection":[{"href":"https:\/\/diariodominicano.com\/index.php?rest_route=\/wp\/v2\/posts"}],"about":[{"href":"https:\/\/diariodominicano.com\/index.php?rest_route=\/wp\/v2\/types\/post"}],"author":[{"embeddable":true,"href":"https:\/\/diariodominicano.com\/index.php?rest_route=\/wp\/v2\/users\/3"}],"replies":[{"embeddable":true,"href":"https:\/\/diariodominicano.com\/index.php?rest_route=%2Fwp%2Fv2%2Fcomments&post=66250"}],"version-history":[{"count":0,"href":"https:\/\/diariodominicano.com\/index.php?rest_route=\/wp\/v2\/posts\/66250\/revisions"}],"wp:attachment":[{"href":"https:\/\/diariodominicano.com\/index.php?rest_route=%2Fwp%2Fv2%2Fmedia&parent=66250"}],"wp:term":[{"taxonomy":"category","embeddable":true,"href":"https:\/\/diariodominicano.com\/index.php?rest_route=%2Fwp%2Fv2%2Fcategories&post=66250"},{"taxonomy":"post_tag","embeddable":true,"href":"https:\/\/diariodominicano.com\/index.php?rest_route=%2Fwp%2Fv2%2Ftags&post=66250"}],"curies":[{"name":"wp","href":"https:\/\/api.w.org\/{rel}","templated":true}]}}