{"id":66249,"date":"2012-02-16T15:40:00","date_gmt":"2012-02-16T15:40:00","guid":{"rendered":"http:\/\/diariodominicano.ddns.net\/?p=66249"},"modified":"2012-02-16T15:40:00","modified_gmt":"2012-02-16T15:40:00","slug":"ministerio-de-cultura-busca-mas-calidad-en-el-desfile-nacional","status":"publish","type":"post","link":"https:\/\/diariodominicano.com\/?p=66249","title":{"rendered":"&#13;Ministerio de Cultura busca m\u00e1s calidad en el desfile nacional"},"content":{"rendered":"<p><body><\/p>\n<p><span class=\"text1noticias\">Santo Domingo, RD 16 febrero.- En su \u00faltimo d\u00eda de carnaval los macaraos se \u00abembarran\u00bb de creatividad, gozo y movimientos al caminar en las calles del malec\u00f3n para encantar a su p\u00fablico, pero las consecuencias de una larga caminata, el viaje para la capital, el cansancio de llevar el disfraz y las horas de sol que tienen que pasar en medio de la v\u00eda antes de presentarse a la tarima principal puede que influyan en su estado de \u00e1nimo, aunque, \u00a1qu\u00e9 importa, estamos en el Desfile Nacional del Carnaval!<\/span><\/p>\n<p><span class=\"text1noticias\"> <\/span><\/p>\n<p><span class=\"text1noticias\">Este evento se celebra cada primer domingo de marzo en el malec\u00f3n de Santo Domingo, desde el 1983. En los \u00faltimos a\u00f1os ha experimentado un empuje masivo de espectadores y comparsas que quieren participar. En general, el Ministerio de Cultura cuenta cada a\u00f1o con un presupuesto aproximado de 28 millones de pesos para desarrollar el carnaval nacional. Y con el apoyo de otras instituciones, esta fiesta cultural mueve alrededor de 2, 000 millones de pesos cada a\u00f1o.<\/span><\/p>\n<p><span class=\"text1noticias\"> <\/span><\/p>\n<p><span class=\"text1noticias\">Ram\u00f3n Lachapelle, director de Gesti\u00f3n Cultural y Carnaval del Ministerio de Cultura, atribuye este empuje a que el inter\u00e9s de realizar carnaval ha aumentado. Afirma que la creaci\u00f3n, hace unos a\u00f1os, de esta Direcci\u00f3n ha mediado en esos aportes, pues es una oficina que trabaja todo el a\u00f1o a prop\u00f3sito del carnaval. \u00abS\u00f3lo el Gran Santo Domingo tiene aproximadamente 400 grupos carnavaleros y, a veces, cuenta con 100 \u00f3 200 integrantes. \u00a1Imagine lo que es una muestra de todo!  Cada a\u00f1o, m\u00e1s de 800 personas se integran en la organizaci\u00f3n del evento\u00bb, dijo con relaci\u00f3n al desfile.<\/span><\/p>\n<p><span class=\"text1noticias\"> <\/span><\/p>\n<p><span class=\"text1noticias\">Carnaval sin violencia<\/span><\/p>\n<p><span class=\"text1noticias\"> <\/span><\/p>\n<p><span class=\"text1noticias\">En este 2012, que el carnaval se celebrar\u00e1 el 4 de marzo, alrededor de 2,500 efectivos de la Defensa Civil, la Autoridad Metropolitana de Transporte, la Polic\u00eda Tur\u00edstica y la Nacional, la Cruz Roja y los bomberos brindar\u00e1n servicio en todo el per\u00edmetro de la avenida George Washington, desde la intersecci\u00f3n de la Winston Churchill, hasta la 27 de Febrero.<\/span><\/p>\n<p><span class=\"text1noticias\"> <\/span><\/p>\n<p><span class=\"text1noticias\">El programa del desfile,\u00bbCarnaval sin violencia\u00bb, integrar\u00e1 destacamentos m\u00f3viles, cuatro lanchas que estar\u00e1n en movimiento en el litoral del malec\u00f3n y torres de vigilancia, cuyos encargados \u00abestar\u00e1n pendientes que lo que pueda pasar\u00bb, detalla Lachapelle. \u00abLo importante es la prevenci\u00f3n y estamos trabajando sobre este aspecto para que podamos tener un carnaval seguro y sin violencia\u00bb, aclara.<\/span><\/p>\n<p><span class=\"text1noticias\"> <\/span><\/p>\n<p><span class=\"text1noticias\">Una selecci\u00f3n m\u00e1s exigente<\/span><\/p>\n<p><span class=\"text1noticias\"> <\/span><\/p>\n<p><span class=\"text1noticias\">Este a\u00f1o, a trav\u00e9s de la segunda entrega de la competencia \u00abVive el carnaval de noche y de d\u00eda\u00bb, se har\u00e1 una depuraci\u00f3n para escoger, con base en criterios de calidad, a las comparsas que participar\u00e1n en el desfile nacional.<\/span><\/p>\n<p><span class=\"text1noticias\"> <\/span><\/p>\n<p><span class=\"text1noticias\">\u00abEl carnaval ha crecido tanto que ya es imposible exhibirlo todo en un mismo tiempo y espacio&#8230; vamos a tener un carnaval potencializado en todo el pa\u00eds, pero ya en el desfile la gente exige una muestra m\u00e1s depurada, de m\u00e1s calidad y en eso estamos trabajando\u00bb, explica Lachapelle.<\/span><\/p>\n<p><span class=\"text1noticias\"> <\/span><\/p>\n<p><span class=\"text1noticias\">\u00abVive el carnaval de noche y de d\u00eda\u00bb es un reality-concurso en el que las comparsas desfilan ante un jurado de expertos y personalidades del medio cultural, se\u00f1ala el perfil del programa en Facebook. Los participantes pueden ganar una serie de premios que van desde 20 mil hasta 500 mil pesos.<\/span><\/p>\n<p><span class=\"text1noticias\"> <\/span><\/p>\n<p><span class=\"text1noticias\">En el 2011 fue la primera entrega de \u00abVive el carnaval de noche y de d\u00eda\u00bb. Las agrupaciones de Santo Domingo y sus municipios compitieron en esa ocasi\u00f3n. Este a\u00f1o, el plan piloto le permiti\u00f3 al Ministerio de Cultura extender el concurso hasta las regiones del Este (con 6 provincias) y el Sur (con 14).<\/span><\/p>\n<p><span class=\"text1noticias\"> <\/span><\/p>\n<p><span class=\"text1noticias\">Dentro de este grupo de participantes, se seleccionar\u00e1n los que estar\u00e1n en el desfile. El Cibao, aunque no es parte de este certamen, participar\u00e1 con los mismos esquemas requeridos que en a\u00f1os anteriores.<\/span><\/p>\n<p><span class=\"text1noticias\"> <\/span><\/p>\n<p><span class=\"text1noticias\">\u00bfY La Vega, que no est\u00e1? \u00bfSe neg\u00f3 a participar en el concurso? Al parecer \u00abcogi\u00f3 cuerda o se dej\u00f3 llevar del libreto del reality  y lo tom\u00f3 muy a pecho\u00bb, dice el director de Direcci\u00f3n y Carnaval, puntualizando que no hay inconvenientes a pesar de ese \u00abno gracias\u00bb.<\/span><\/p>\n<p><span class=\"text1noticias\"> <\/span><\/p>\n<p><span class=\"text1noticias\">\u00abEs un asunto del libreto, de far\u00e1ndula de carnaval, donde cada uno entiende que es mejor que el otro, o que tiene puntos importantes con relaci\u00f3n al otro\u00bb, indica Lachapelle. Sin embargo, la ausencia de La Vega \u00abha venido a mostrar que ciertamente en otros pueblos hay carnavales tan importantes como La Vega, porque lo que hace que un carnaval trascienda es su diversidad\u00bb.<\/span><\/p>\n<p><span class=\"text1noticias\"> <\/span><\/p>\n<p><span class=\"text1noticias\">Qu\u00e9 m\u00e1s ofrece el reality<\/span><\/p>\n<p><span class=\"text1noticias\"> <\/span><\/p>\n<p><span class=\"text1noticias\">Datos hist\u00f3ricos del carnaval, el origen de las comparsas y conmovedores testimonios de los macaraos (quienes pintados, manchados o con caretas y disfraces sofocantes viven su mejor \u00e9poca cada febrero) se suman a esta aguerrida competencia. El concurso es una producci\u00f3n de Media World Dominicana y se transmite de lunes a viernes, a las 6:00 de la tarde, por Telesistema canal 11.<\/span><\/p>\n<p><span class=\"text1noticias\"> <\/span><\/p>\n<p><span class=\"text1noticias\">La fiesta sigue&#8230;<\/span><\/p>\n<p><span class=\"text1noticias\"> <\/span><\/p>\n<p><span class=\"text1noticias\">El 1 de febrero, Cultura seleccion\u00f3 su reina y los dem\u00e1s representantes de las oficinas de esta instituci\u00f3n.<\/span><\/p>\n<p><span class=\"text1noticias\">El d\u00eda 8 se coron\u00f3 el rey y la reina del carnaval a nivel nacional y se entreg\u00f3 el premio Felipe Abreu,m\u00e1ximo galard\u00f3n del Carnaval Dominicano, que recay\u00f3 en las manos de Manuel Ulises Bonelly. En esta misma actividad, fueron elegidos, como rey, el merenguero Sergio Vargas y como reina, Hanoi S\u00e1nchez, reconocida carnavalera de San Juan de la Maguana.<\/span><\/p>\n<p><span class=\"text1noticias\">El d\u00eda 11 se realiz\u00f3 un encuentro regional de las distintas comparsas y se seleccionaron las 50 agrupaciones de la final del reality.<\/span><\/p>\n<p><span class=\"text1noticias\">A partir de hoy se desarrollar\u00e1 una exposici\u00f3n de estatuas vivientes, trajes y m\u00e1scaras en la plaza Juan Bar\u00f3n y El Conde Peatonal. Este mismo d\u00eda se exhibir\u00e1n fotograf\u00edas en el Parque Independencia.<\/span><\/p>\n<p><span class=\"text1noticias\">El 25 ser\u00e1 la final del reality show \u00abVive el carnaval de noche y de d\u00eda 2012\u00bb.<\/span><\/p>\n<p><span class=\"text1noticias\">Participaci\u00f3n<\/span><\/p>\n<p><span class=\"text1noticias\"> \u00abLa masa m\u00e1s importante que hace el carnaval es la clase media baja, la m\u00e1s deprimida en t\u00e9rminos econ\u00f3micos&#8230;  Quiz\u00e1s por eso es tan importante y tan rico el carnaval nuestro, porque tiene tanta vida de sabor popular\u00bb, finaliza el folklorista<\/span>.<\/p>\n<\/p>\n<h6> 2012-02-16 15:40:00 <\/h6>\n<p><!--\n<link rel=\"stylesheet\" href=\"css\/bootstrap.min.css\">\n\n\n<ul class=\"pagination\">\n\t    \n\t\n\n<li >\n\t<a href='?page_no=17926'>Previous<\/a>\n\t<\/li>\n\n\n       \n    \n\n<li><a href='?page_no=1'>1<\/a><\/li>\n\n\n\n<li><a href='?page_no=2'>2<\/a><\/li>\n\n\n\n<li><a>...<\/a><\/li>\n\n\n\n<li><a href='?page_no=17925'>17925<\/a><\/li>\n\n\n\n<li><a href='?page_no=17926'>17926<\/a><\/li>\n\n\n\n<li class='active'><a>17927<\/a><\/li>\n\n\n\n<li><a href='?page_no=17928'>17928<\/a><\/li>\n\n\n\n<li><a href='?page_no=17929'>17929<\/a><\/li>\n\n\n\n<li><a>...<\/a><\/li>\n\n\n\n<li><a href='?page_no=22911'>22911<\/a><\/li>\n\n\n\n<li><a href='?page_no=22912'>22912<\/a><\/li>\n\n    \n\t\n\n<li >\n\t<a href='?page_no=17928'>Next<\/a>\n\t<\/li>\n\n\n    \n\n<li><a href='?page_no=22912'>Last &rsaquo;&rsaquo;<\/a><\/li>\n\n<\/ul>\n\n\n--><br \/>\n<\/body><\/p>\n","protected":false},"excerpt":{"rendered":"<p>Santo Domingo, RD 16 febrero.- En su \u00faltimo d\u00eda de carnaval los macaraos se \u00abembarran\u00bb de creatividad, gozo y movimientos al caminar en las calles del malec\u00f3n para encantar a su p\u00fablico, pero las consecuencias de una larga caminata, el viaje para la capital, el cansancio de llevar el disfraz y las horas de sol [&hellip;]<\/p>\n","protected":false},"author":3,"featured_media":0,"comment_status":"open","ping_status":"open","sticky":false,"template":"","format":"standard","meta":{"footnotes":""},"categories":[21],"tags":[],"class_list":["post-66249","post","type-post","status-publish","format-standard","hentry","category-cultura"],"_links":{"self":[{"href":"https:\/\/diariodominicano.com\/index.php?rest_route=\/wp\/v2\/posts\/66249","targetHints":{"allow":["GET"]}}],"collection":[{"href":"https:\/\/diariodominicano.com\/index.php?rest_route=\/wp\/v2\/posts"}],"about":[{"href":"https:\/\/diariodominicano.com\/index.php?rest_route=\/wp\/v2\/types\/post"}],"author":[{"embeddable":true,"href":"https:\/\/diariodominicano.com\/index.php?rest_route=\/wp\/v2\/users\/3"}],"replies":[{"embeddable":true,"href":"https:\/\/diariodominicano.com\/index.php?rest_route=%2Fwp%2Fv2%2Fcomments&post=66249"}],"version-history":[{"count":0,"href":"https:\/\/diariodominicano.com\/index.php?rest_route=\/wp\/v2\/posts\/66249\/revisions"}],"wp:attachment":[{"href":"https:\/\/diariodominicano.com\/index.php?rest_route=%2Fwp%2Fv2%2Fmedia&parent=66249"}],"wp:term":[{"taxonomy":"category","embeddable":true,"href":"https:\/\/diariodominicano.com\/index.php?rest_route=%2Fwp%2Fv2%2Fcategories&post=66249"},{"taxonomy":"post_tag","embeddable":true,"href":"https:\/\/diariodominicano.com\/index.php?rest_route=%2Fwp%2Fv2%2Ftags&post=66249"}],"curies":[{"name":"wp","href":"https:\/\/api.w.org\/{rel}","templated":true}]}}