{"id":66248,"date":"2012-02-16T15:46:13","date_gmt":"2012-02-16T15:46:13","guid":{"rendered":"http:\/\/diariodominicano.ddns.net\/?p=66248"},"modified":"2012-02-16T15:46:13","modified_gmt":"2012-02-16T15:46:13","slug":"muere-el-tenor-charles-anthony","status":"publish","type":"post","link":"https:\/\/diariodominicano.com\/?p=66248","title":{"rendered":"Muere el tenor Charles Anthony"},"content":{"rendered":"<p><body><\/p>\n<p><span class=\"text1noticias\">Nueva York 16 febrero.- Charles Anthony, el tenor que estableci\u00f3 el r\u00e9cord con el m\u00e1s n\u00famero de presentaciones en la Opera Metropolitana de Nueva York muri\u00f3 a los 82 a\u00f1os.<\/span><\/p>\n<\/p>\n<p><span class=\"text1noticias\">La \u00f3pera inform\u00f3 que Anthony muri\u00f3 el mi\u00e9rcoles en Florida.<\/span><\/p>\n<\/p>\n<p><span class=\"text1noticias\">Durante una carrera en la \u00f3pera que ejerci\u00f3 de 1954 a 2010, tuvo 2.928 presentaciones con 111 papeles en 69 puestas en escena.<\/span><\/p>\n<\/p>\n<p><span class=\"text1noticias\">Su nombre de pila era Calogero Antonio Caruso y naci\u00f3 en Nueva Orle\u00e1ns en 1929.<\/span><\/p>\n<\/p>\n<p><span class=\"text1noticias\">En 1952 entr\u00f3 a la competencia \u00abAuditions of the Air\u00bb de la Opera Metropolitana de Nueva York. El director general del Met, Rudolf Bing, crey\u00f3 que el p\u00fablico pensar\u00eda que el participante ten\u00eda alguna relaci\u00f3n con Enrico Caruso y que el joven cantante ser\u00eda recibido con demasiadas expectativas.<\/span><\/p>\n<\/p>\n<p><span class=\"text1noticias\">Seg\u00fan un art\u00edculo de la revista Playbill publicado cuando Anthony se jubil\u00f3, el cantante dijo que Bing le persuadi\u00f3 a cambiar de nombre apenas media hora antes de que cantara<\/span>.<\/p>\n<\/p>\n<h6> 2012-02-16 15:46:13 <\/h6>\n<p><!--\n<link rel=\"stylesheet\" href=\"css\/bootstrap.min.css\">\n\n\n<ul class=\"pagination\">\n\t    \n\t\n\n<li >\n\t<a href='?page_no=17925'>Previous<\/a>\n\t<\/li>\n\n\n       \n    \n\n<li><a href='?page_no=1'>1<\/a><\/li>\n\n\n\n<li><a href='?page_no=2'>2<\/a><\/li>\n\n\n\n<li><a>...<\/a><\/li>\n\n\n\n<li><a href='?page_no=17924'>17924<\/a><\/li>\n\n\n\n<li><a href='?page_no=17925'>17925<\/a><\/li>\n\n\n\n<li class='active'><a>17926<\/a><\/li>\n\n\n\n<li><a href='?page_no=17927'>17927<\/a><\/li>\n\n\n\n<li><a href='?page_no=17928'>17928<\/a><\/li>\n\n\n\n<li><a>...<\/a><\/li>\n\n\n\n<li><a href='?page_no=22911'>22911<\/a><\/li>\n\n\n\n<li><a href='?page_no=22912'>22912<\/a><\/li>\n\n    \n\t\n\n<li >\n\t<a href='?page_no=17927'>Next<\/a>\n\t<\/li>\n\n\n    \n\n<li><a href='?page_no=22912'>Last &rsaquo;&rsaquo;<\/a><\/li>\n\n<\/ul>\n\n\n--><br \/>\n<\/body><\/p>\n","protected":false},"excerpt":{"rendered":"<p>Nueva York 16 febrero.- Charles Anthony, el tenor que estableci\u00f3 el r\u00e9cord con el m\u00e1s n\u00famero de presentaciones en la Opera Metropolitana de Nueva York muri\u00f3 a los 82 a\u00f1os. La \u00f3pera inform\u00f3 que Anthony muri\u00f3 el mi\u00e9rcoles en Florida. Durante una carrera en la \u00f3pera que ejerci\u00f3 de 1954 a 2010, tuvo 2.928 presentaciones [&hellip;]<\/p>\n","protected":false},"author":3,"featured_media":0,"comment_status":"open","ping_status":"open","sticky":false,"template":"","format":"standard","meta":{"footnotes":""},"categories":[21],"tags":[],"class_list":["post-66248","post","type-post","status-publish","format-standard","hentry","category-cultura"],"_links":{"self":[{"href":"https:\/\/diariodominicano.com\/index.php?rest_route=\/wp\/v2\/posts\/66248","targetHints":{"allow":["GET"]}}],"collection":[{"href":"https:\/\/diariodominicano.com\/index.php?rest_route=\/wp\/v2\/posts"}],"about":[{"href":"https:\/\/diariodominicano.com\/index.php?rest_route=\/wp\/v2\/types\/post"}],"author":[{"embeddable":true,"href":"https:\/\/diariodominicano.com\/index.php?rest_route=\/wp\/v2\/users\/3"}],"replies":[{"embeddable":true,"href":"https:\/\/diariodominicano.com\/index.php?rest_route=%2Fwp%2Fv2%2Fcomments&post=66248"}],"version-history":[{"count":0,"href":"https:\/\/diariodominicano.com\/index.php?rest_route=\/wp\/v2\/posts\/66248\/revisions"}],"wp:attachment":[{"href":"https:\/\/diariodominicano.com\/index.php?rest_route=%2Fwp%2Fv2%2Fmedia&parent=66248"}],"wp:term":[{"taxonomy":"category","embeddable":true,"href":"https:\/\/diariodominicano.com\/index.php?rest_route=%2Fwp%2Fv2%2Fcategories&post=66248"},{"taxonomy":"post_tag","embeddable":true,"href":"https:\/\/diariodominicano.com\/index.php?rest_route=%2Fwp%2Fv2%2Ftags&post=66248"}],"curies":[{"name":"wp","href":"https:\/\/api.w.org\/{rel}","templated":true}]}}