{"id":66246,"date":"2012-02-16T19:38:56","date_gmt":"2012-02-16T19:38:56","guid":{"rendered":"http:\/\/diariodominicano.ddns.net\/?p=66246"},"modified":"2012-02-16T19:38:56","modified_gmt":"2012-02-16T19:38:56","slug":"revolucionario-caamano-vive-en-el-recuerdo-de-dominicanos","status":"publish","type":"post","link":"https:\/\/diariodominicano.com\/?p=66246","title":{"rendered":"Revolucionario Caama\u00f1o vive en el recuerdo de dominicanos"},"content":{"rendered":"<p><body><\/p>\n<p><img decoding=\"async\" src=\"img3\/caamano.jpg\" \/>  <\/p>\n<p><span class=\"text1noticias\">Santo Domingo, Rep.Dom, 16 feb (PL) El pueblo dominicano recuerda con actos religiosos, patri\u00f3ticos, hist\u00f3ricos, culturales y florales el asesinato del militar y revolucionario Francisco Caama\u00f1o De\u00f1\u00f3, perpetrado un d\u00eda como hoy de 1973.<\/span><\/p>\n<\/p>\n<p><span class=\"text1noticias\">  Caama\u00f1o, quien hab\u00eda sido presidente combatiente constitucional de la Rep\u00fablica en Armas contra la invasi\u00f3n militar del gobierno de Estados Unidos en abril de 1965, regresa a Dominicana para seguir luchando por sus ideales de libertad y defensa de las aspiraciones del pueblo.<\/span><\/p>\n<\/p>\n<p><span class=\"text1noticias\">El teniente coronel H\u00e9ctor Garc\u00eda Tejada dirige la ejecuci\u00f3n del m\u00e1ximo dirigente de la Gesta Patria de Abril de 1965 y H\u00e9roe Nacional del siglo XX, quien en su \u00faltimo aliento grita: Viva la Rep\u00fablica Dominicana.<\/span><\/p>\n<\/p>\n<p><span class=\"text1noticias\">Historiadores aseguran que el coronel Caama\u00f1o es el h\u00e9roe que restaur\u00f3 la soberan\u00eda de este pa\u00eds caribe\u00f1o.<\/span><\/p>\n<\/p>\n<p><span class=\"text1noticias\">Es considerado como una de las figuras m\u00e1s importantes en Dominicana, llevando los ideales de los padres de la patria, de Gregorio Luper\u00f3n, Gregorio Urbano Gilbert, y otros patriotas dominicanos.<\/span><\/p>\n<\/p>\n<p><span class=\"text1noticias\">Fue tambi\u00e9n considerado digno de una ascenso post-mortem al rango de general, pero dicha consideraci\u00f3n hall\u00f3 inmediata oposici\u00f3n, pues Caama\u00f1o ostenta el rango hist\u00f3rico de coronel, y como tal lleva esa gloria<\/span>.<\/p>\n<h6> 2012-02-16 19:38:56 <\/h6>\n<p><!--\n<link rel=\"stylesheet\" href=\"css\/bootstrap.min.css\">\n\n\n<ul class=\"pagination\">\n\t    \n\t\n\n<li >\n\t<a href='?page_no=17923'>Previous<\/a>\n\t<\/li>\n\n\n       \n    \n\n<li><a href='?page_no=1'>1<\/a><\/li>\n\n\n\n<li><a href='?page_no=2'>2<\/a><\/li>\n\n\n\n<li><a>...<\/a><\/li>\n\n\n\n<li><a href='?page_no=17922'>17922<\/a><\/li>\n\n\n\n<li><a href='?page_no=17923'>17923<\/a><\/li>\n\n\n\n<li class='active'><a>17924<\/a><\/li>\n\n\n\n<li><a href='?page_no=17925'>17925<\/a><\/li>\n\n\n\n<li><a href='?page_no=17926'>17926<\/a><\/li>\n\n\n\n<li><a>...<\/a><\/li>\n\n\n\n<li><a href='?page_no=22911'>22911<\/a><\/li>\n\n\n\n<li><a href='?page_no=22912'>22912<\/a><\/li>\n\n    \n\t\n\n<li >\n\t<a href='?page_no=17925'>Next<\/a>\n\t<\/li>\n\n\n    \n\n<li><a href='?page_no=22912'>Last &rsaquo;&rsaquo;<\/a><\/li>\n\n<\/ul>\n\n\n--><br \/>\n<\/body><\/p>\n","protected":false},"excerpt":{"rendered":"<p>Santo Domingo, Rep.Dom, 16 feb (PL) El pueblo dominicano recuerda con actos religiosos, patri\u00f3ticos, hist\u00f3ricos, culturales y florales el asesinato del militar y revolucionario Francisco Caama\u00f1o De\u00f1\u00f3, perpetrado un d\u00eda como hoy de 1973. Caama\u00f1o, quien hab\u00eda sido presidente combatiente constitucional de la Rep\u00fablica en Armas contra la invasi\u00f3n militar del gobierno de Estados Unidos [&hellip;]<\/p>\n","protected":false},"author":3,"featured_media":0,"comment_status":"open","ping_status":"open","sticky":false,"template":"","format":"standard","meta":{"footnotes":""},"categories":[21],"tags":[],"class_list":["post-66246","post","type-post","status-publish","format-standard","hentry","category-cultura"],"_links":{"self":[{"href":"https:\/\/diariodominicano.com\/index.php?rest_route=\/wp\/v2\/posts\/66246","targetHints":{"allow":["GET"]}}],"collection":[{"href":"https:\/\/diariodominicano.com\/index.php?rest_route=\/wp\/v2\/posts"}],"about":[{"href":"https:\/\/diariodominicano.com\/index.php?rest_route=\/wp\/v2\/types\/post"}],"author":[{"embeddable":true,"href":"https:\/\/diariodominicano.com\/index.php?rest_route=\/wp\/v2\/users\/3"}],"replies":[{"embeddable":true,"href":"https:\/\/diariodominicano.com\/index.php?rest_route=%2Fwp%2Fv2%2Fcomments&post=66246"}],"version-history":[{"count":0,"href":"https:\/\/diariodominicano.com\/index.php?rest_route=\/wp\/v2\/posts\/66246\/revisions"}],"wp:attachment":[{"href":"https:\/\/diariodominicano.com\/index.php?rest_route=%2Fwp%2Fv2%2Fmedia&parent=66246"}],"wp:term":[{"taxonomy":"category","embeddable":true,"href":"https:\/\/diariodominicano.com\/index.php?rest_route=%2Fwp%2Fv2%2Fcategories&post=66246"},{"taxonomy":"post_tag","embeddable":true,"href":"https:\/\/diariodominicano.com\/index.php?rest_route=%2Fwp%2Fv2%2Ftags&post=66246"}],"curies":[{"name":"wp","href":"https:\/\/api.w.org\/{rel}","templated":true}]}}