{"id":66245,"date":"2012-02-16T20:15:07","date_gmt":"2012-02-16T20:15:07","guid":{"rendered":"http:\/\/diariodominicano.ddns.net\/?p=66245"},"modified":"2012-02-16T20:15:07","modified_gmt":"2012-02-16T20:15:07","slug":"uasd-rinde-homenaje-al-coronel-caamano-deno","status":"publish","type":"post","link":"https:\/\/diariodominicano.com\/?p=66245","title":{"rendered":"&#13;UASD rinde homenaje al Coronel Caama\u00f1o De\u00f1\u00f3"},"content":{"rendered":"<p><body><\/p>\n<p><img decoding=\"async\" src=\"img3\/uasd y caamano.JPG\" \/>  <\/p>\n<p><span class=\"text1noticias\">SANTO DOMINGO, 16 Feb 2012.-La Universidad Aut\u00f3noma de Santo Domingo (UASD) rindi\u00f3 homenaje este jueves al  patriota, militar y h\u00e9roe  revolucionario, Francisco Alberto Caama\u00f1o De\u00f1\u00f3, con el dep\u00f3sito de una ofrenda floral en el busto erigido en su nombre en la Plaza H\u00e9roes de Abril, al conmemorarse el 39 aniversario de su muerte.<\/span><\/p>\n<\/p>\n<p><span class=\"text1noticias\">El acto en el cual se  honr\u00f3 la memoria de Caama\u00f1o De\u00f1\u00f3, fue encabezado por el doctor Jorge Asjana David,  vicerrector Docente y rector en funciones de la academia estatal, junto con otras  de sus principales autoridades. <\/span><\/p>\n<\/p>\n<p><span class=\"text1noticias\">Al pronunciar las palabras centrales del acto, Asjana David proclam\u00f3 que en ocasi\u00f3n de la fecha la Primada de Am\u00e9rica ratifica su misi\u00f3n de seguir brindando educaci\u00f3n de calidad y abierta a todos los sectores, sin importar su condici\u00f3n econ\u00f3mica.<\/span><\/p>\n<\/p>\n<p><span class=\"text1noticias\">\u00abAl rendir este homenaje  de recordaci\u00f3n \u00abCoronel de Abril\u00bb, la UASD, herencia cumbre de la Guerra de Abril de 1965, se enorgullece de la grandeza de Francisco Alberto Caama\u00f1o De\u00f1\u00f3 y se compromete a mantenerse siempre al lado del pueblo en sus luchas por la igualdad, la justicia, la democracia y la libertad\u00bb, manifest\u00f3.  <\/span><\/p>\n<\/p>\n<p><span class=\"text1noticias\">Dijo que la UASD seguir\u00e1 siendo un instrumento al servicio de la sociedad, para continuar contribuyendo a elevar los niveles culturales de la ciudadan\u00eda, elemento necesario para coadyuvar a las transformaciones que demanda el desarrollo nacional.<\/span><\/p>\n<\/p>\n<p><span class=\"text1noticias\">\u00abLos j\u00f3venes dominicanos de hoy y de ma\u00f1ana deben valorar el acendrado patriotismo del inmenso Francisco Alberto Caama\u00f1o De\u00f1\u00f3, alejarse del ego\u00edsmo y orientar su vida hacia el logro del bien com\u00fan, como lo hizo aquel prohombre, para consolidar una patria dominicana respetada y digna, adem\u00e1s de grande y esencialmente soberana\u00bb, adujo.<\/span><\/p>\n<\/p>\n<p><span class=\"text1noticias\">Dijo tambi\u00e9n el doctor Asjana que con ese reconocimiento  la UASD cumple su sagrado deber de recordar a uno de los soldados m\u00e1s genuinos de la patria y mantener viva, con ello, la memoria hist\u00f3rica del pueblo dominicano.<\/span><\/p>\n<\/p>\n<p><span class=\"text1noticias\">\u00abEs justo y conveniente que los dominicanos tengamos presente que los altos niveles de educaci\u00f3n, la madurez y la grandeza de los pueblos se alcanzan mediante el compromiso y valoraci\u00f3n de las haza\u00f1as de sus hombres m\u00e1s insignes y puros y la exaltaci\u00f3n de sus patriotas m\u00e1s destacados en las epopeyas que constituyen la esencia de la vida nacional\u00bb, acot\u00f3.<\/span><\/p>\n<\/p>\n<p><span class=\"text1noticias\">La hoja de vida de Caama\u00f1o De\u00f1\u00f3 fue resumida por la historiadora \u00c1ngela Fern\u00e1ndez, quien manifest\u00f3 que por sus acciones y por las epopeyas que encabez\u00f3 el \u00abCoronel de Abril\u00bb es considerado la figura militar y civil m\u00e1s importante del siglo XX. <\/span><\/p>\n<\/p>\n<p><span class=\"text1noticias\">En el acto estuvieron presentes los vicerrectores Francisco Terrero Galarza, de Extensi\u00f3n, y Francisco Vegazo, de Investigaci\u00f3n y Postgrado; el secretario general de la UASD, Santo Inocencio Mercedes; los decanos Antonio Medina,  de Ciencias y Jur\u00eddicas, y Jos\u00e9 Joaqu\u00edn Reyes Acevedo, de Ingenier\u00eda y Arquitectura.<\/span><\/p>\n<\/p>\n<p><span class=\"text1noticias\">Asistieron tambi\u00e9n  los  vicedecanos  Clara Joa, de Ciencias de la Educaci\u00f3n, y   Radham\u00e9s Silverio, de Ciencias,  as\u00ed como los maestros Edwin D\u00edaz, director de Planta F\u00edsica  y Jos\u00e9 Francisco Disla, director de Bienestar Estudiantil, entre otras autoridades. <\/span><\/p>\n<\/p>\n<\/p>\n<\/p>\n<\/p>\n<\/p>\n<\/p>\n<\/p>\n<\/p>\n<\/p>\n<\/p>\n<\/p>\n<\/p>\n<\/p>\n<\/p>\n<\/p>\n<\/p>\n<\/p>\n<\/p>\n<\/p>\n<\/p>\n<\/p>\n<\/p>\n<\/p>\n<\/p>\n<\/p>\n<\/p>\n<\/p>\n<\/p>\n<\/p>\n<\/p>\n<\/p>\n<\/p>\n<h6> 2012-02-16 20:15:07 <\/h6>\n<p><!--\n<link rel=\"stylesheet\" href=\"css\/bootstrap.min.css\">\n\n\n<ul class=\"pagination\">\n\t    \n\t\n\n<li >\n\t<a href='?page_no=17922'>Previous<\/a>\n\t<\/li>\n\n\n       \n    \n\n<li><a href='?page_no=1'>1<\/a><\/li>\n\n\n\n<li><a href='?page_no=2'>2<\/a><\/li>\n\n\n\n<li><a>...<\/a><\/li>\n\n\n\n<li><a href='?page_no=17921'>17921<\/a><\/li>\n\n\n\n<li><a href='?page_no=17922'>17922<\/a><\/li>\n\n\n\n<li class='active'><a>17923<\/a><\/li>\n\n\n\n<li><a href='?page_no=17924'>17924<\/a><\/li>\n\n\n\n<li><a href='?page_no=17925'>17925<\/a><\/li>\n\n\n\n<li><a>...<\/a><\/li>\n\n\n\n<li><a href='?page_no=22911'>22911<\/a><\/li>\n\n\n\n<li><a href='?page_no=22912'>22912<\/a><\/li>\n\n    \n\t\n\n<li >\n\t<a href='?page_no=17924'>Next<\/a>\n\t<\/li>\n\n\n    \n\n<li><a href='?page_no=22912'>Last &rsaquo;&rsaquo;<\/a><\/li>\n\n<\/ul>\n\n\n--><br \/>\n<\/body><\/p>\n","protected":false},"excerpt":{"rendered":"<p>SANTO DOMINGO, 16 Feb 2012.-La Universidad Aut\u00f3noma de Santo Domingo (UASD) rindi\u00f3 homenaje este jueves al patriota, militar y h\u00e9roe revolucionario, Francisco Alberto Caama\u00f1o De\u00f1\u00f3, con el dep\u00f3sito de una ofrenda floral en el busto erigido en su nombre en la Plaza H\u00e9roes de Abril, al conmemorarse el 39 aniversario de su muerte. El acto [&hellip;]<\/p>\n","protected":false},"author":3,"featured_media":0,"comment_status":"open","ping_status":"open","sticky":false,"template":"","format":"standard","meta":{"footnotes":""},"categories":[21],"tags":[],"class_list":["post-66245","post","type-post","status-publish","format-standard","hentry","category-cultura"],"_links":{"self":[{"href":"https:\/\/diariodominicano.com\/index.php?rest_route=\/wp\/v2\/posts\/66245","targetHints":{"allow":["GET"]}}],"collection":[{"href":"https:\/\/diariodominicano.com\/index.php?rest_route=\/wp\/v2\/posts"}],"about":[{"href":"https:\/\/diariodominicano.com\/index.php?rest_route=\/wp\/v2\/types\/post"}],"author":[{"embeddable":true,"href":"https:\/\/diariodominicano.com\/index.php?rest_route=\/wp\/v2\/users\/3"}],"replies":[{"embeddable":true,"href":"https:\/\/diariodominicano.com\/index.php?rest_route=%2Fwp%2Fv2%2Fcomments&post=66245"}],"version-history":[{"count":0,"href":"https:\/\/diariodominicano.com\/index.php?rest_route=\/wp\/v2\/posts\/66245\/revisions"}],"wp:attachment":[{"href":"https:\/\/diariodominicano.com\/index.php?rest_route=%2Fwp%2Fv2%2Fmedia&parent=66245"}],"wp:term":[{"taxonomy":"category","embeddable":true,"href":"https:\/\/diariodominicano.com\/index.php?rest_route=%2Fwp%2Fv2%2Fcategories&post=66245"},{"taxonomy":"post_tag","embeddable":true,"href":"https:\/\/diariodominicano.com\/index.php?rest_route=%2Fwp%2Fv2%2Ftags&post=66245"}],"curies":[{"name":"wp","href":"https:\/\/api.w.org\/{rel}","templated":true}]}}