{"id":66244,"date":"2012-02-16T21:01:52","date_gmt":"2012-02-16T21:01:52","guid":{"rendered":"http:\/\/diariodominicano.ddns.net\/?p=66244"},"modified":"2012-02-16T21:01:52","modified_gmt":"2012-02-16T21:01:52","slug":"ballet-folklorico-de-santiago-con-gran-gala-en-bellas-artes","status":"publish","type":"post","link":"https:\/\/diariodominicano.com\/?p=66244","title":{"rendered":"&#13;&#13;Ballet Folkl\u00f3rico de Santiago con  gran Gala en Bellas Artes"},"content":{"rendered":"<p><body><\/p>\n<p><img decoding=\"async\" src=\"img3\/Ballet Folklorico de Santiago 1.jpg\" \/><br \/><img decoding=\"async\" src=\"img3\/Ballet Folklorico de Santiago 2.JPG\" \/><br \/><img decoding=\"async\" src=\"img3\/Ballet Folklorico de Santiago 3 .JPG\" \/>  <\/p>\n<p><span class=\"text1noticias\">SANTO DOMINGO, 16 Feb 2012.-El Ballet Folkl\u00f3rico de Santiago, ganador en varias ocasiones de los Premios Casandra como el mejor agrupamiento del folklore nacional, se presentar\u00e1 este fin de semana en el Palacio de Bellas Artes, con los auspicios del Ministerio de Cultura, instituci\u00f3n a la que pertenece este colectivo danzario.<\/span><\/p>\n<\/p>\n<p><span class=\"text1noticias\">El espect\u00e1culo \u00a8Ritos y Danzas de mi tierra\u00a8 se presentar\u00e1 este viernes 17 y el s\u00e1bado 18, a las 8 de la noche, en la Sala M\u00e1ximo Avil\u00e9s Blonda, de Bellas Artes, totalmente gratuito.<\/span><\/p>\n<\/p>\n<p><span class=\"text1noticias\">El grupo danzario de Santiago, dirigido por Tony Liriano, presentar\u00e1 un espect\u00e1culo con coreograf\u00edas de Carlos Veit\u00eda y Elizabeth Crooke, con la producci\u00f3n general de Marinella Sallent, directora del Ballet Nacional.<\/span><\/p>\n<\/p>\n<p><span class=\"text1noticias\">Con este espect\u00e1culo, fue relanzado en el Gran Teatro del Cibao este Ballet Folkl\u00f3rico el pasado mes de diciembre, como parte de una estrategia del Ministerio de Cultura de reformular en todos sus aspectos al mencionado grupo, sin afectar las ra\u00edces folkl\u00f3ricas que ha proyectado al mismo como uno de las mejores entidades de su g\u00e9nero en el pa\u00eds.<\/span><\/p>\n<\/p>\n<p><span class=\"text1noticias\">Conocido anteriormente como el Ballet Folkl\u00f3rico del Centro de la Cultura de Santiago, la renovaci\u00f3n incluy\u00f3 el cambio de nombre, mejoramiento de la estructura administrativa y laboral, nuevos vestuarios y la proyecci\u00f3n de una nueva din\u00e1mica a cargo de un cuerpo t\u00e9cnico que modific\u00f3 su acci\u00f3n coreogr\u00e1fica, sin alterar los elementos fundamentales de las danzas aut\u00f3ctonas que el grupo, fundado por el fenecido folklorista Fradique Lizardo, ha bailado por tres d\u00e9cadas.<\/span><\/p>\n<\/p>\n<p><span class=\"text1noticias\">El espect\u00e1culo, que se ofrecer\u00e1 en dos funciones gratuitas para todo el p\u00fablico interesado, incluye en la primera parte, Estampa de trabajo, Escena campesina, Amor de Conuco, Maboba y Copla de Amor.<\/span><\/p>\n<\/p>\n<p><span class=\"text1noticias\">La segunda parte presentar\u00e1 bailes festivos, contradanza, tumba, zapateo dominicano, guarapo, sarambo, callao, merengue tradicional y fandango,  y la tercera parte  incluye escenas rituales y ceremoniales, congos del Esp\u00edritu Santo, palos y atabales.<\/span><\/p>\n<\/p>\n<p><span class=\"text1noticias\">En la cuarta y \u00faltima parte se presentar\u00e1n los carnavales con sus personajes y comparsas, Se me muere Rebeca, Calif\u00e9, El Papel\u00f3n, los diablos cojuelos de La Vega, lechones y cach\u00faas, guloyas, hacheros y momis.<\/span><\/p>\n<\/p>\n<p><span class=\"text1noticias\">\u00abRitos y Danzas de mi tierra\u00bb es un espect\u00e1culo folkl\u00f3rico que viene precedido de elogiosos comentarios de parte del p\u00fablico que asisti\u00f3 al relanzamiento de este grupo en Santiago, en diciembre pasado, y seg\u00fan expertos se trata de uno de los mejores eventos danzarios del folklore dominicano realizado en los \u00faltimos a\u00f1os.<\/span><\/p>\n<\/p>\n<h6> 2012-02-16 21:01:52 <\/h6>\n<p><!--\n<link rel=\"stylesheet\" href=\"css\/bootstrap.min.css\">\n\n\n<ul class=\"pagination\">\n\t    \n\t\n\n<li >\n\t<a href='?page_no=17921'>Previous<\/a>\n\t<\/li>\n\n\n       \n    \n\n<li><a href='?page_no=1'>1<\/a><\/li>\n\n\n\n<li><a href='?page_no=2'>2<\/a><\/li>\n\n\n\n<li><a>...<\/a><\/li>\n\n\n\n<li><a href='?page_no=17920'>17920<\/a><\/li>\n\n\n\n<li><a href='?page_no=17921'>17921<\/a><\/li>\n\n\n\n<li class='active'><a>17922<\/a><\/li>\n\n\n\n<li><a href='?page_no=17923'>17923<\/a><\/li>\n\n\n\n<li><a href='?page_no=17924'>17924<\/a><\/li>\n\n\n\n<li><a>...<\/a><\/li>\n\n\n\n<li><a href='?page_no=22911'>22911<\/a><\/li>\n\n\n\n<li><a href='?page_no=22912'>22912<\/a><\/li>\n\n    \n\t\n\n<li >\n\t<a href='?page_no=17923'>Next<\/a>\n\t<\/li>\n\n\n    \n\n<li><a href='?page_no=22912'>Last &rsaquo;&rsaquo;<\/a><\/li>\n\n<\/ul>\n\n\n--><br \/>\n<\/body><\/p>\n","protected":false},"excerpt":{"rendered":"<p>SANTO DOMINGO, 16 Feb 2012.-El Ballet Folkl\u00f3rico de Santiago, ganador en varias ocasiones de los Premios Casandra como el mejor agrupamiento del folklore nacional, se presentar\u00e1 este fin de semana en el Palacio de Bellas Artes, con los auspicios del Ministerio de Cultura, instituci\u00f3n a la que pertenece este colectivo danzario. El espect\u00e1culo \u00a8Ritos y [&hellip;]<\/p>\n","protected":false},"author":3,"featured_media":0,"comment_status":"open","ping_status":"open","sticky":false,"template":"","format":"standard","meta":{"footnotes":""},"categories":[21],"tags":[],"class_list":["post-66244","post","type-post","status-publish","format-standard","hentry","category-cultura"],"_links":{"self":[{"href":"https:\/\/diariodominicano.com\/index.php?rest_route=\/wp\/v2\/posts\/66244","targetHints":{"allow":["GET"]}}],"collection":[{"href":"https:\/\/diariodominicano.com\/index.php?rest_route=\/wp\/v2\/posts"}],"about":[{"href":"https:\/\/diariodominicano.com\/index.php?rest_route=\/wp\/v2\/types\/post"}],"author":[{"embeddable":true,"href":"https:\/\/diariodominicano.com\/index.php?rest_route=\/wp\/v2\/users\/3"}],"replies":[{"embeddable":true,"href":"https:\/\/diariodominicano.com\/index.php?rest_route=%2Fwp%2Fv2%2Fcomments&post=66244"}],"version-history":[{"count":0,"href":"https:\/\/diariodominicano.com\/index.php?rest_route=\/wp\/v2\/posts\/66244\/revisions"}],"wp:attachment":[{"href":"https:\/\/diariodominicano.com\/index.php?rest_route=%2Fwp%2Fv2%2Fmedia&parent=66244"}],"wp:term":[{"taxonomy":"category","embeddable":true,"href":"https:\/\/diariodominicano.com\/index.php?rest_route=%2Fwp%2Fv2%2Fcategories&post=66244"},{"taxonomy":"post_tag","embeddable":true,"href":"https:\/\/diariodominicano.com\/index.php?rest_route=%2Fwp%2Fv2%2Ftags&post=66244"}],"curies":[{"name":"wp","href":"https:\/\/api.w.org\/{rel}","templated":true}]}}