{"id":66243,"date":"2012-02-16T21:30:55","date_gmt":"2012-02-16T21:30:55","guid":{"rendered":"http:\/\/diariodominicano.ddns.net\/?p=66243"},"modified":"2012-02-16T21:30:55","modified_gmt":"2012-02-16T21:30:55","slug":"alcaldia-de-santiago-despiden-delegacion-de-artistas-que-viaja-a-cabo-haitiano","status":"publish","type":"post","link":"https:\/\/diariodominicano.com\/?p=66243","title":{"rendered":"Alcaldia  de Santiago despiden delegaci\u00f3n de artistas que viaja a Cabo Haitiano"},"content":{"rendered":"<p><body><\/p>\n<p><img decoding=\"async\" src=\"img3\/carnaval.JPG\" \/>  <\/p>\n<p><span class=\"text1noticias\">Rep.Dom, 16 de febrero.-El alcalde Dr. Gilberto Serulle y funcionarios de la Alcald\u00eda  local despidieron la delegaci\u00f3n de gerentes y gestores culturales que participar\u00e1 en la Muestra del Carnaval de Rep\u00fablica Dominicana en Cabo Haitiano, Hait\u00ed.<\/span><\/p>\n<p><span class=\"text1noticias\"> <\/span><\/p>\n<p><span class=\"text1noticias\">La delegaci\u00f3n de gestores culturales y de artistas dominicanos sali\u00f3 hacia Cabo Haitiano este jueves 16 de febrero desde el Palacio Municipal de Santiago y la misma es encabezada por el Director de la Direcci\u00f3n de Cultura de la corporaci\u00f3n edilicia, Josu\u00e9 G\u00f3mez.<\/span><\/p>\n<p><span class=\"text1noticias\"> <\/span><\/p>\n<p><span class=\"text1noticias\">EL coordinador de esta actividad, acordadas por las alcald\u00edas de Santiago y de Cabo Haitiano, lo es el Director Ejecutivo del Acuerdo de Hermandad entre ambas ciudades, Dr. Jos\u00e9 R. Charles Alegr\u00eda, de la Secretaria General de la Alcald\u00eda santiaguense.<\/span><\/p>\n<p><span class=\"text1noticias\"> <\/span><\/p>\n<p><span class=\"text1noticias\">La participaci\u00f3n de la delegaci\u00f3n de gestores, de lechones y de dirigentes de comparsas del carnaval de Rep\u00fablica Dominicana en el carnaval de Cabo Haitiano se inscribe dentro del Acuerdo de Hermanamiento entre las alcald\u00edas de Santiago y de Cabo Haitiano.<\/span><\/p>\n<p><span class=\"text1noticias\"> <\/span><\/p>\n<p><span class=\"text1noticias\">La representaci\u00f3n dominicana en la Muestra de Carnaval dominicano en Hait\u00ed est\u00e1 compuesta por 34 miembros, que incluye a gestores, lechones, fot\u00f3grafos, y artistas de varias disciplinas.<\/span><\/p>\n<p><span class=\"text1noticias\"> <\/span><\/p>\n<p><span class=\"text1noticias\">La representaci\u00f3n cultural de la Alcald\u00eda de Santiago de los Caballeros, Republica Dominicana, permanecer\u00e1 en Hait\u00ed hasta el 18 del mes en curso, cuyo programa incluir\u00e1 adem\u00e1s de la muestra, intercambio cultural y art\u00edstico<\/span>.<\/p>\n<\/p>\n<h6> 2012-02-16 21:30:55 <\/h6>\n<p><!--\n<link rel=\"stylesheet\" href=\"css\/bootstrap.min.css\">\n\n\n<ul class=\"pagination\">\n\t    \n\t\n\n<li >\n\t<a href='?page_no=17920'>Previous<\/a>\n\t<\/li>\n\n\n       \n    \n\n<li><a href='?page_no=1'>1<\/a><\/li>\n\n\n\n<li><a href='?page_no=2'>2<\/a><\/li>\n\n\n\n<li><a>...<\/a><\/li>\n\n\n\n<li><a href='?page_no=17919'>17919<\/a><\/li>\n\n\n\n<li><a href='?page_no=17920'>17920<\/a><\/li>\n\n\n\n<li class='active'><a>17921<\/a><\/li>\n\n\n\n<li><a href='?page_no=17922'>17922<\/a><\/li>\n\n\n\n<li><a href='?page_no=17923'>17923<\/a><\/li>\n\n\n\n<li><a>...<\/a><\/li>\n\n\n\n<li><a href='?page_no=22911'>22911<\/a><\/li>\n\n\n\n<li><a href='?page_no=22912'>22912<\/a><\/li>\n\n    \n\t\n\n<li >\n\t<a href='?page_no=17922'>Next<\/a>\n\t<\/li>\n\n\n    \n\n<li><a href='?page_no=22912'>Last &rsaquo;&rsaquo;<\/a><\/li>\n\n<\/ul>\n\n\n--><br \/>\n<\/body><\/p>\n","protected":false},"excerpt":{"rendered":"<p>Rep.Dom, 16 de febrero.-El alcalde Dr. Gilberto Serulle y funcionarios de la Alcald\u00eda local despidieron la delegaci\u00f3n de gerentes y gestores culturales que participar\u00e1 en la Muestra del Carnaval de Rep\u00fablica Dominicana en Cabo Haitiano, Hait\u00ed. La delegaci\u00f3n de gestores culturales y de artistas dominicanos sali\u00f3 hacia Cabo Haitiano este jueves 16 de febrero desde [&hellip;]<\/p>\n","protected":false},"author":3,"featured_media":0,"comment_status":"open","ping_status":"open","sticky":false,"template":"","format":"standard","meta":{"footnotes":""},"categories":[21],"tags":[],"class_list":["post-66243","post","type-post","status-publish","format-standard","hentry","category-cultura"],"_links":{"self":[{"href":"https:\/\/diariodominicano.com\/index.php?rest_route=\/wp\/v2\/posts\/66243","targetHints":{"allow":["GET"]}}],"collection":[{"href":"https:\/\/diariodominicano.com\/index.php?rest_route=\/wp\/v2\/posts"}],"about":[{"href":"https:\/\/diariodominicano.com\/index.php?rest_route=\/wp\/v2\/types\/post"}],"author":[{"embeddable":true,"href":"https:\/\/diariodominicano.com\/index.php?rest_route=\/wp\/v2\/users\/3"}],"replies":[{"embeddable":true,"href":"https:\/\/diariodominicano.com\/index.php?rest_route=%2Fwp%2Fv2%2Fcomments&post=66243"}],"version-history":[{"count":0,"href":"https:\/\/diariodominicano.com\/index.php?rest_route=\/wp\/v2\/posts\/66243\/revisions"}],"wp:attachment":[{"href":"https:\/\/diariodominicano.com\/index.php?rest_route=%2Fwp%2Fv2%2Fmedia&parent=66243"}],"wp:term":[{"taxonomy":"category","embeddable":true,"href":"https:\/\/diariodominicano.com\/index.php?rest_route=%2Fwp%2Fv2%2Fcategories&post=66243"},{"taxonomy":"post_tag","embeddable":true,"href":"https:\/\/diariodominicano.com\/index.php?rest_route=%2Fwp%2Fv2%2Ftags&post=66243"}],"curies":[{"name":"wp","href":"https:\/\/api.w.org\/{rel}","templated":true}]}}