{"id":66242,"date":"2012-02-16T21:57:10","date_gmt":"2012-02-16T21:57:10","guid":{"rendered":"http:\/\/diariodominicano.ddns.net\/?p=66242"},"modified":"2012-02-16T21:57:10","modified_gmt":"2012-02-16T21:57:10","slug":"rebelion-de-los-capitanes-viva-el-rey-y-muera-el-mal-gobierno","status":"publish","type":"post","link":"https:\/\/diariodominicano.com\/?p=66242","title":{"rendered":"&#13;&#13;&#13;\u00bbRebeli\u00f3n de los capitanes: Viva el rey y muera el mal gobierno\u00bb"},"content":{"rendered":"<p><body><\/p>\n<p><img decoding=\"async\" src=\"img3\/roberto cassa.jpg\" \/>  <\/p>\n<p><span class=\"text1noticias\">SANTO DOMINGO, 16 Feb 2012.-\u00abRebeli\u00f3n de los capitanes: v\u00edva el rey y muera el mal gobierno\u00bb, es el m\u00e1s  reciente libro del historiador Roberto Cass\u00e1, publicado por el Archivo General de la Naci\u00f3n con el patrocinio de la facultad de Humanidades de la Universidad Aut\u00f3noma de Santo Domingo.<\/span><\/p>\n<\/p>\n<p><span class=\"text1noticias\">La obra, que ya est\u00e1 circulando, trata un per\u00edodo pr\u00e1cticamente desconocido de la historia colonial: el movimiento rebelde escenificado en Santiago de los Caballeros entre 1718 y 1723 frente al monopolio comercial de Espa\u00f1a que imped\u00eda negociar con las potencias, sobre todo Francia, Inglaterra y Holanda. <\/span><\/p>\n<\/p>\n<p><span class=\"text1noticias\">Cass\u00e1 explica que el protagonismo de la acci\u00f3n  recay\u00f3 en los capitanes de cuatro de las compa\u00f1\u00edas de la ciudad que operaron como aglutinadores del descontento de la poblaci\u00f3n, lo que origin\u00f3 el nombre,  que tambi\u00e9n se dio por t\u00edtulo al ejemplar.<\/span><\/p>\n<\/p>\n<p><span class=\"text1noticias\">Los hechos pusieron en estado de agitaci\u00f3n social a la ciudad  de Santiago y su entorno, poni\u00e9ndola en ebullici\u00f3n a pesar de su escaso n\u00famero de habitantes. Las autoridades fueron confrontadas y desafiadas por los pobladores, que protestaron adem\u00e1s, contra los abusos y el mal gobierno, seg\u00fan el volumen.<\/span><\/p>\n<\/p>\n<p><span class=\"text1noticias\">Cass\u00e1, profesor universitario, uno de los principales exponentes del materialismo hist\u00f3rico en Republica Dominicana, tuvo acceso a los documentos a trav\u00e9s del historiador Genaro Rodr\u00edguez, quien encontr\u00f3 los legajos en el Archivo General de Indias.<\/span><\/p>\n<\/p>\n<p><span class=\"text1noticias\">Adem\u00e1s de recrear la vida social, pol\u00edtica, econ\u00f3mica, cultural de la \u00e9poca, el autor, que es director del Archivo General de la Naci\u00f3n, comenta y analiza el  hecho en  514 paginas ilustradas con fotos del Santiago de entonces.<\/span><\/p>\n<\/p>\n<\/p>\n<\/p>\n<h6> 2012-02-16 21:57:10 <\/h6>\n<p><!--\n<link rel=\"stylesheet\" href=\"css\/bootstrap.min.css\">\n\n\n<ul class=\"pagination\">\n\t    \n\t\n\n<li >\n\t<a href='?page_no=17919'>Previous<\/a>\n\t<\/li>\n\n\n       \n    \n\n<li><a href='?page_no=1'>1<\/a><\/li>\n\n\n\n<li><a href='?page_no=2'>2<\/a><\/li>\n\n\n\n<li><a>...<\/a><\/li>\n\n\n\n<li><a href='?page_no=17918'>17918<\/a><\/li>\n\n\n\n<li><a href='?page_no=17919'>17919<\/a><\/li>\n\n\n\n<li class='active'><a>17920<\/a><\/li>\n\n\n\n<li><a href='?page_no=17921'>17921<\/a><\/li>\n\n\n\n<li><a href='?page_no=17922'>17922<\/a><\/li>\n\n\n\n<li><a>...<\/a><\/li>\n\n\n\n<li><a href='?page_no=22911'>22911<\/a><\/li>\n\n\n\n<li><a href='?page_no=22912'>22912<\/a><\/li>\n\n    \n\t\n\n<li >\n\t<a href='?page_no=17921'>Next<\/a>\n\t<\/li>\n\n\n    \n\n<li><a href='?page_no=22912'>Last &rsaquo;&rsaquo;<\/a><\/li>\n\n<\/ul>\n\n\n--><br \/>\n<\/body><\/p>\n","protected":false},"excerpt":{"rendered":"<p>SANTO DOMINGO, 16 Feb 2012.-\u00abRebeli\u00f3n de los capitanes: v\u00edva el rey y muera el mal gobierno\u00bb, es el m\u00e1s reciente libro del historiador Roberto Cass\u00e1, publicado por el Archivo General de la Naci\u00f3n con el patrocinio de la facultad de Humanidades de la Universidad Aut\u00f3noma de Santo Domingo. La obra, que ya est\u00e1 circulando, trata [&hellip;]<\/p>\n","protected":false},"author":3,"featured_media":0,"comment_status":"open","ping_status":"open","sticky":false,"template":"","format":"standard","meta":{"footnotes":""},"categories":[21],"tags":[],"class_list":["post-66242","post","type-post","status-publish","format-standard","hentry","category-cultura"],"_links":{"self":[{"href":"https:\/\/diariodominicano.com\/index.php?rest_route=\/wp\/v2\/posts\/66242","targetHints":{"allow":["GET"]}}],"collection":[{"href":"https:\/\/diariodominicano.com\/index.php?rest_route=\/wp\/v2\/posts"}],"about":[{"href":"https:\/\/diariodominicano.com\/index.php?rest_route=\/wp\/v2\/types\/post"}],"author":[{"embeddable":true,"href":"https:\/\/diariodominicano.com\/index.php?rest_route=\/wp\/v2\/users\/3"}],"replies":[{"embeddable":true,"href":"https:\/\/diariodominicano.com\/index.php?rest_route=%2Fwp%2Fv2%2Fcomments&post=66242"}],"version-history":[{"count":0,"href":"https:\/\/diariodominicano.com\/index.php?rest_route=\/wp\/v2\/posts\/66242\/revisions"}],"wp:attachment":[{"href":"https:\/\/diariodominicano.com\/index.php?rest_route=%2Fwp%2Fv2%2Fmedia&parent=66242"}],"wp:term":[{"taxonomy":"category","embeddable":true,"href":"https:\/\/diariodominicano.com\/index.php?rest_route=%2Fwp%2Fv2%2Fcategories&post=66242"},{"taxonomy":"post_tag","embeddable":true,"href":"https:\/\/diariodominicano.com\/index.php?rest_route=%2Fwp%2Fv2%2Ftags&post=66242"}],"curies":[{"name":"wp","href":"https:\/\/api.w.org\/{rel}","templated":true}]}}