{"id":66241,"date":"2012-02-17T13:09:21","date_gmt":"2012-02-17T13:09:21","guid":{"rendered":"http:\/\/diariodominicano.ddns.net\/?p=66241"},"modified":"2012-02-17T13:09:21","modified_gmt":"2012-02-17T13:09:21","slug":"encuentro-con-historiador-colombiano-alfonso-munera-en-feria-cubana","status":"publish","type":"post","link":"https:\/\/diariodominicano.com\/?p=66241","title":{"rendered":"Encuentro con historiador colombiano Alfonso M\u00fanera en feria cubana"},"content":{"rendered":"<p><body><\/p>\n<p><img decoding=\"async\" src=\"img3\/feria libroCuba.jpg\" \/>  <\/p>\n<p><span class=\"text1noticias\">La Habana, 17 feb (PL).-  Un encuentro con el historiador Alfonso M\u00fanera, vicerrector de Investigaciones de la Universidad de Cartagena, integra hoy el amplio programa de la 21 Feria Internacional del Libro, Cuba 2012, a tres d\u00edas de que concluya en La Habana.<\/span><\/p>\n<\/p>\n<p><span class=\"text1noticias\">M\u00fanera es reconocido en la regi\u00f3n por sus capacidades y su amplio conocimiento sobre el Caribe, que le permitieron desempe\u00f1arse exitosamente como embajador de Colombia en Jamaica.<\/span><\/p>\n<\/p>\n<p><span class=\"text1noticias\">Este jueves en la sala Jos\u00e9 Antonio Portuondo de la fortaleza de San Carlos de la Caba\u00f1a se presentar\u00e1n adem\u00e1s, entre otros t\u00edtulos, Che Guevara: econom\u00eda en revoluci\u00f3n, de Helen Yaffe y Ernesto Che Guevara en Uruguay: Para dar vuelta el mate, de Asdr\u00fabal Pereira.<\/span><\/p>\n<\/p>\n<p><span class=\"text1noticias\">Por su parte, los panelistas colombianos Cristo Figueroa y Ariel Castillo conducir\u00e1n el coloquio sobre La tejedora de coronas de Germ\u00e1n Espinosa, en el pabell\u00f3n de las culturas invitadas de la sala Nuestra Am\u00e9rica.<\/span><\/p>\n<\/p>\n<p><span class=\"text1noticias\">El panel Virgilio Pi\u00f1era en la danza tiene su espacio reservado en la sala Jos\u00e9 Lezama Lima, y en ese mismo lugar al final de la tarde se celebrar\u00e1 el acto de otorgamiento del Premio Nosside Internacional a poetas cubanos.<\/span><\/p>\n<\/p>\n<p><span class=\"text1noticias\">La fortaleza habanera, una de las 11 sedes de la cita literaria cubana, ofrecer\u00e1 hoy a los lectores t\u00edtulos como Problemas del arte figurativo, de Alejandro Cernuda, Dios no tiene tel\u00e9fono, de Jes\u00fas Candelario y Palabras en la arena, de Jos\u00e9 Manuel Espino.<\/span><\/p>\n<\/p>\n<p><span class=\"text1noticias\">El Pabell\u00f3n Cuba, en el centro capitalino, mantiene las puertas abiertas al Encuentro de J\u00f3venes Escritores de Am\u00e9rica Latina y el Caribe, en tanto la Uneac celebra un foro literario que incluye el panel La dramaturgia de Virgilio Pi\u00f1era.<\/span><\/p>\n<\/p>\n<p><span class=\"text1noticias\">Casa de las Am\u00e9ricas es sede del encuentro con el dramaturgo chileno Ram\u00f3n Griffero, actividad que estar\u00e1 matizada con la presentaci\u00f3n del t\u00edtulo de su autor\u00eda La dramaturgia del espacio.<\/span><\/p>\n<\/p>\n<p><span class=\"text1noticias\">Los estudiosos de la vida y obra del H\u00e9roe Nacional cubano, Jos\u00e9 Mart\u00ed (1853-1895) tienen la opci\u00f3n de participar, entre otras actividades, en el panel Patria: pensamiento y acci\u00f3n de Jos\u00e9 Mart\u00ed, previsto en el Centro de Estudios Martianos<\/span>.<\/p>\n<h6> 2012-02-17 13:09:21 <\/h6>\n<p><!--\n<link rel=\"stylesheet\" href=\"css\/bootstrap.min.css\">\n\n\n<ul class=\"pagination\">\n\t    \n\t\n\n<li >\n\t<a href='?page_no=17918'>Previous<\/a>\n\t<\/li>\n\n\n       \n    \n\n<li><a href='?page_no=1'>1<\/a><\/li>\n\n\n\n<li><a href='?page_no=2'>2<\/a><\/li>\n\n\n\n<li><a>...<\/a><\/li>\n\n\n\n<li><a href='?page_no=17917'>17917<\/a><\/li>\n\n\n\n<li><a href='?page_no=17918'>17918<\/a><\/li>\n\n\n\n<li class='active'><a>17919<\/a><\/li>\n\n\n\n<li><a href='?page_no=17920'>17920<\/a><\/li>\n\n\n\n<li><a href='?page_no=17921'>17921<\/a><\/li>\n\n\n\n<li><a>...<\/a><\/li>\n\n\n\n<li><a href='?page_no=22911'>22911<\/a><\/li>\n\n\n\n<li><a href='?page_no=22912'>22912<\/a><\/li>\n\n    \n\t\n\n<li >\n\t<a href='?page_no=17920'>Next<\/a>\n\t<\/li>\n\n\n    \n\n<li><a href='?page_no=22912'>Last &rsaquo;&rsaquo;<\/a><\/li>\n\n<\/ul>\n\n\n--><br \/>\n<\/body><\/p>\n","protected":false},"excerpt":{"rendered":"<p>La Habana, 17 feb (PL).- Un encuentro con el historiador Alfonso M\u00fanera, vicerrector de Investigaciones de la Universidad de Cartagena, integra hoy el amplio programa de la 21 Feria Internacional del Libro, Cuba 2012, a tres d\u00edas de que concluya en La Habana. M\u00fanera es reconocido en la regi\u00f3n por sus capacidades y su amplio [&hellip;]<\/p>\n","protected":false},"author":3,"featured_media":0,"comment_status":"open","ping_status":"open","sticky":false,"template":"","format":"standard","meta":{"footnotes":""},"categories":[21],"tags":[],"class_list":["post-66241","post","type-post","status-publish","format-standard","hentry","category-cultura"],"_links":{"self":[{"href":"https:\/\/diariodominicano.com\/index.php?rest_route=\/wp\/v2\/posts\/66241","targetHints":{"allow":["GET"]}}],"collection":[{"href":"https:\/\/diariodominicano.com\/index.php?rest_route=\/wp\/v2\/posts"}],"about":[{"href":"https:\/\/diariodominicano.com\/index.php?rest_route=\/wp\/v2\/types\/post"}],"author":[{"embeddable":true,"href":"https:\/\/diariodominicano.com\/index.php?rest_route=\/wp\/v2\/users\/3"}],"replies":[{"embeddable":true,"href":"https:\/\/diariodominicano.com\/index.php?rest_route=%2Fwp%2Fv2%2Fcomments&post=66241"}],"version-history":[{"count":0,"href":"https:\/\/diariodominicano.com\/index.php?rest_route=\/wp\/v2\/posts\/66241\/revisions"}],"wp:attachment":[{"href":"https:\/\/diariodominicano.com\/index.php?rest_route=%2Fwp%2Fv2%2Fmedia&parent=66241"}],"wp:term":[{"taxonomy":"category","embeddable":true,"href":"https:\/\/diariodominicano.com\/index.php?rest_route=%2Fwp%2Fv2%2Fcategories&post=66241"},{"taxonomy":"post_tag","embeddable":true,"href":"https:\/\/diariodominicano.com\/index.php?rest_route=%2Fwp%2Fv2%2Ftags&post=66241"}],"curies":[{"name":"wp","href":"https:\/\/api.w.org\/{rel}","templated":true}]}}