{"id":66240,"date":"2012-02-17T13:12:24","date_gmt":"2012-02-17T13:12:24","guid":{"rendered":"http:\/\/diariodominicano.ddns.net\/?p=66240"},"modified":"2012-02-17T13:12:24","modified_gmt":"2012-02-17T13:12:24","slug":"ministerio-de-cultura-pone-a-circular-libro-de-maria-ugarte","status":"publish","type":"post","link":"https:\/\/diariodominicano.com\/?p=66240","title":{"rendered":"&#13;Ministerio de Cultura pone a circular libro de Mar\u00eda Ugarte"},"content":{"rendered":"<p><body><\/p>\n<p><span class=\"text1noticias\">Santo Domingo, RD 17 febrero.- El Ministerio de Cultura (MINC) puso en circulaci\u00f3n el libro \u00abFortificaciones Coloniales  en Santo Domingo\u00bb, autor\u00eda de la fenecida historiadora Mar\u00eda Ugarte.<\/span><\/p>\n<p><span class=\"text1noticias\"> <\/span><\/p>\n<p><span class=\"text1noticias\">El acto, efectuado en el Museo de las Casas Reales, estuvo presidido por Lourdes Camilo de Cuello, viceministra de Patrimonio Cultural; Raymundo Gonz\u00e1lez, presentador de la obra y la comunicadora Carmenchu Brusiloff.<\/span><\/p>\n<p><span class=\"text1noticias\"> <\/span><\/p>\n<p><span class=\"text1noticias\">Durante su discurso, Camilo de Cuello, se\u00f1al\u00f3 que es para el Ministerio de Cultura un gran honor poner en manos de los lectores esta important\u00edsima obra.<\/span><\/p>\n<p><span class=\"text1noticias\"> <\/span><\/p>\n<p><span class=\"text1noticias\">Dijo que la misma desde sus p\u00e1ginas propone una contribuci\u00f3n al estudio de la historia militar durante el per\u00edodo de la colonia, la cual enfatiza en el estado en que las dependencias de car\u00e1cter b\u00e9lico se encontraban a la fecha de producirse dichas publicaciones.<\/span><\/p>\n<p><span class=\"text1noticias\"> <\/span><\/p>\n<p><span class=\"text1noticias\">Por su parte, Gonz\u00e1lez explic\u00f3 que \u00abesta obra, publicada por la Editora Nacional, es una recopilaci\u00f3n de todos los  reportajes escritos por la autora sobre el tema de las fortificaciones de la Ciudad de Santo Domingo\u00bb.<\/span><\/p>\n<p><span class=\"text1noticias\"> <\/span><\/p>\n<p><span class=\"text1noticias\">Record\u00f3 que fueron publicados en peri\u00f3dicos de difusi\u00f3n nacional desde1970 a 1990. <\/span><\/p>\n<p><span class=\"text1noticias\"> <\/span><\/p>\n<p><span class=\"text1noticias\">La publicaci\u00f3n  coincide con el mes aniversario del fallecimiento de la autora<\/span>.<\/p>\n<\/p>\n<p>eg\/am<\/p>\n<h6> 2012-02-17 13:12:24 <\/h6>\n<p><!--\n<link rel=\"stylesheet\" href=\"css\/bootstrap.min.css\">\n\n\n<ul class=\"pagination\">\n\t    \n\t\n\n<li >\n\t<a href='?page_no=17917'>Previous<\/a>\n\t<\/li>\n\n\n       \n    \n\n<li><a href='?page_no=1'>1<\/a><\/li>\n\n\n\n<li><a href='?page_no=2'>2<\/a><\/li>\n\n\n\n<li><a>...<\/a><\/li>\n\n\n\n<li><a href='?page_no=17916'>17916<\/a><\/li>\n\n\n\n<li><a href='?page_no=17917'>17917<\/a><\/li>\n\n\n\n<li class='active'><a>17918<\/a><\/li>\n\n\n\n<li><a href='?page_no=17919'>17919<\/a><\/li>\n\n\n\n<li><a href='?page_no=17920'>17920<\/a><\/li>\n\n\n\n<li><a>...<\/a><\/li>\n\n\n\n<li><a href='?page_no=22911'>22911<\/a><\/li>\n\n\n\n<li><a href='?page_no=22912'>22912<\/a><\/li>\n\n    \n\t\n\n<li >\n\t<a href='?page_no=17919'>Next<\/a>\n\t<\/li>\n\n\n    \n\n<li><a href='?page_no=22912'>Last &rsaquo;&rsaquo;<\/a><\/li>\n\n<\/ul>\n\n\n--><br \/>\n<\/body><\/p>\n","protected":false},"excerpt":{"rendered":"<p>Santo Domingo, RD 17 febrero.- El Ministerio de Cultura (MINC) puso en circulaci\u00f3n el libro \u00abFortificaciones Coloniales en Santo Domingo\u00bb, autor\u00eda de la fenecida historiadora Mar\u00eda Ugarte. El acto, efectuado en el Museo de las Casas Reales, estuvo presidido por Lourdes Camilo de Cuello, viceministra de Patrimonio Cultural; Raymundo Gonz\u00e1lez, presentador de la obra y [&hellip;]<\/p>\n","protected":false},"author":3,"featured_media":0,"comment_status":"open","ping_status":"open","sticky":false,"template":"","format":"standard","meta":{"footnotes":""},"categories":[21],"tags":[],"class_list":["post-66240","post","type-post","status-publish","format-standard","hentry","category-cultura"],"_links":{"self":[{"href":"https:\/\/diariodominicano.com\/index.php?rest_route=\/wp\/v2\/posts\/66240","targetHints":{"allow":["GET"]}}],"collection":[{"href":"https:\/\/diariodominicano.com\/index.php?rest_route=\/wp\/v2\/posts"}],"about":[{"href":"https:\/\/diariodominicano.com\/index.php?rest_route=\/wp\/v2\/types\/post"}],"author":[{"embeddable":true,"href":"https:\/\/diariodominicano.com\/index.php?rest_route=\/wp\/v2\/users\/3"}],"replies":[{"embeddable":true,"href":"https:\/\/diariodominicano.com\/index.php?rest_route=%2Fwp%2Fv2%2Fcomments&post=66240"}],"version-history":[{"count":0,"href":"https:\/\/diariodominicano.com\/index.php?rest_route=\/wp\/v2\/posts\/66240\/revisions"}],"wp:attachment":[{"href":"https:\/\/diariodominicano.com\/index.php?rest_route=%2Fwp%2Fv2%2Fmedia&parent=66240"}],"wp:term":[{"taxonomy":"category","embeddable":true,"href":"https:\/\/diariodominicano.com\/index.php?rest_route=%2Fwp%2Fv2%2Fcategories&post=66240"},{"taxonomy":"post_tag","embeddable":true,"href":"https:\/\/diariodominicano.com\/index.php?rest_route=%2Fwp%2Fv2%2Ftags&post=66240"}],"curies":[{"name":"wp","href":"https:\/\/api.w.org\/{rel}","templated":true}]}}