{"id":66239,"date":"2012-02-17T20:39:59","date_gmt":"2012-02-17T20:39:59","guid":{"rendered":"http:\/\/diariodominicano.ddns.net\/?p=66239"},"modified":"2012-02-17T20:39:59","modified_gmt":"2012-02-17T20:39:59","slug":"dinafolk-recibe-donacion-caretas-del-carnaval-vegano","status":"publish","type":"post","link":"https:\/\/diariodominicano.com\/?p=66239","title":{"rendered":"Dinafolk recibe donaci\u00f3n caretas del carnaval vegano"},"content":{"rendered":"<p><body><\/p>\n<p><span class=\"text1noticias\">La Direcci\u00f3n Nacional de Folklore del Ministerio de Cultura (DINAFOLK) recibi\u00f3 como donaci\u00f3n varias caretas de distintas \u00e9pocas del carnaval vegano y una pintura alusiva a esa apasionante fiesta popular dominicana, como parte del legado folkl\u00f3rico del doctor H\u00e9ctor Holgu\u00edn, fundador del grupo carnavalesco Los Magoyos, con el objetivo \u00abde que la comunidad se beneficie de estas obras\u00bb.<\/span><\/p>\n<\/p>\n<p><span class=\"text1noticias\"> La donaci\u00f3n la hicieron Pedro, Osvaldo, Jos\u00e9 Francisco, Aurora y Fe Mar\u00eda Holgu\u00edn, hijos del entusiasta carnavalero, ya fallecido, honrando la memoria de su padre,  un odont\u00f3logo de profesi\u00f3n y apasionado de la tradici\u00f3n que representa el  carnaval vegano y en homenaje al recuerdo de \u00ablo bonito del carnaval vegano de antes, en  los  a\u00f1os de las d\u00e9cadas del 1960 y 1970\u00bb. Las cinco caretas las recibi\u00f3 Xiomarita P\u00e9rez, directora de la DINAFOLK, y las mismas recrean la evoluci\u00f3n que ha experimentado el disfraz tradicional del carnaval vegano. \u00abCon estas m\u00e1scaras la DINAFOLK mostrar\u00e1 a sus visitantes el antes y el ahora en lo que se refiere al carnaval de La Vega\u00bb, manifest\u00f3 P\u00e9rez<\/span>. <\/p>\n<\/p>\n<\/p>\n<h6> 2012-02-17 20:39:59 <\/h6>\n<p><!--\n<link rel=\"stylesheet\" href=\"css\/bootstrap.min.css\">\n\n\n<ul class=\"pagination\">\n\t    \n\t\n\n<li >\n\t<a href='?page_no=17916'>Previous<\/a>\n\t<\/li>\n\n\n       \n    \n\n<li><a href='?page_no=1'>1<\/a><\/li>\n\n\n\n<li><a href='?page_no=2'>2<\/a><\/li>\n\n\n\n<li><a>...<\/a><\/li>\n\n\n\n<li><a href='?page_no=17915'>17915<\/a><\/li>\n\n\n\n<li><a href='?page_no=17916'>17916<\/a><\/li>\n\n\n\n<li class='active'><a>17917<\/a><\/li>\n\n\n\n<li><a href='?page_no=17918'>17918<\/a><\/li>\n\n\n\n<li><a href='?page_no=17919'>17919<\/a><\/li>\n\n\n\n<li><a>...<\/a><\/li>\n\n\n\n<li><a href='?page_no=22911'>22911<\/a><\/li>\n\n\n\n<li><a href='?page_no=22912'>22912<\/a><\/li>\n\n    \n\t\n\n<li >\n\t<a href='?page_no=17918'>Next<\/a>\n\t<\/li>\n\n\n    \n\n<li><a href='?page_no=22912'>Last &rsaquo;&rsaquo;<\/a><\/li>\n\n<\/ul>\n\n\n--><br \/>\n<\/body><\/p>\n","protected":false},"excerpt":{"rendered":"<p>La Direcci\u00f3n Nacional de Folklore del Ministerio de Cultura (DINAFOLK) recibi\u00f3 como donaci\u00f3n varias caretas de distintas \u00e9pocas del carnaval vegano y una pintura alusiva a esa apasionante fiesta popular dominicana, como parte del legado folkl\u00f3rico del doctor H\u00e9ctor Holgu\u00edn, fundador del grupo carnavalesco Los Magoyos, con el objetivo \u00abde que la comunidad se beneficie [&hellip;]<\/p>\n","protected":false},"author":3,"featured_media":0,"comment_status":"open","ping_status":"open","sticky":false,"template":"","format":"standard","meta":{"footnotes":""},"categories":[21],"tags":[],"class_list":["post-66239","post","type-post","status-publish","format-standard","hentry","category-cultura"],"_links":{"self":[{"href":"https:\/\/diariodominicano.com\/index.php?rest_route=\/wp\/v2\/posts\/66239","targetHints":{"allow":["GET"]}}],"collection":[{"href":"https:\/\/diariodominicano.com\/index.php?rest_route=\/wp\/v2\/posts"}],"about":[{"href":"https:\/\/diariodominicano.com\/index.php?rest_route=\/wp\/v2\/types\/post"}],"author":[{"embeddable":true,"href":"https:\/\/diariodominicano.com\/index.php?rest_route=\/wp\/v2\/users\/3"}],"replies":[{"embeddable":true,"href":"https:\/\/diariodominicano.com\/index.php?rest_route=%2Fwp%2Fv2%2Fcomments&post=66239"}],"version-history":[{"count":0,"href":"https:\/\/diariodominicano.com\/index.php?rest_route=\/wp\/v2\/posts\/66239\/revisions"}],"wp:attachment":[{"href":"https:\/\/diariodominicano.com\/index.php?rest_route=%2Fwp%2Fv2%2Fmedia&parent=66239"}],"wp:term":[{"taxonomy":"category","embeddable":true,"href":"https:\/\/diariodominicano.com\/index.php?rest_route=%2Fwp%2Fv2%2Fcategories&post=66239"},{"taxonomy":"post_tag","embeddable":true,"href":"https:\/\/diariodominicano.com\/index.php?rest_route=%2Fwp%2Fv2%2Ftags&post=66239"}],"curies":[{"name":"wp","href":"https:\/\/api.w.org\/{rel}","templated":true}]}}