{"id":66238,"date":"2012-02-17T21:12:53","date_gmt":"2012-02-17T21:12:53","guid":{"rendered":"http:\/\/diariodominicano.ddns.net\/?p=66238"},"modified":"2012-02-17T21:12:53","modified_gmt":"2012-02-17T21:12:53","slug":"ptd-rinde-homenaje-a-caamano-resalta-patriotismo-heroe-de-abril","status":"publish","type":"post","link":"https:\/\/diariodominicano.com\/?p=66238","title":{"rendered":"&#13;&#13;PTD rinde homenaje a Caama\u00f1o resalta patriotismo H\u00e9roe de Abril"},"content":{"rendered":"<p><body><\/p>\n<p><img decoding=\"async\" src=\"img3\/PTD homenaje a caamano.JPG\" \/>  <\/p>\n<p><span class=\"text1noticias\">SANTO DOMINGO, 17 Feb 2012.-El Partido de los Trabajadores Dominicanos (PTD) rindi\u00f3 un homenaje de reconocimiento al coronel Francisco Alberto Caama\u00f1o De\u00f1\u00f3, al cumplirse el 39 aniversario de su fusilamiento en las lomas de San Jos\u00e9 deOcoa.<\/span><\/p>\n<\/p>\n<p><span class=\"text1noticias\">El Presidente del PTD, Jos\u00e9 Gonz\u00e1lez Espinosa,  resalt\u00f3 el patriotismo del h\u00e9roe de abril, que encabez\u00f3 la resistencia contra las tropas invasoras norteamericanas en 1965 y que en la ocasi\u00f3n fue investido por  el Congreso Nacional como Presidente Constitucional de la Rep\u00fablica.<\/span><\/p>\n<\/p>\n<p><span class=\"text1noticias\"> \u00abRendimos tributo al coronel de abril, a su hero\u00edsmo, a su patriotismo. Deploramos su muerte, que fue un vulgar asesinato porque fue capturado vivo, herido, pero fue fusilado\u00bb.<\/span><\/p>\n<\/p>\n<p><span class=\"text1noticias\">Record\u00f3 que en la ocasi\u00f3n la L\u00ednea Roja del 14 de Junio, que es la organizaci\u00f3n madre del PTD, ante la confusi\u00f3n que reinaba con la llegada de los guerrilleros por Playa Caracoles, reuni\u00f3 a   dirigentes de varios partidos pol\u00edticos para expresarle que ten\u00eda informaciones precisas de que efectivamente era Caama\u00f1o quien encabezaba el desembarco.<\/span><\/p>\n<\/p>\n<p><span class=\"text1noticias\">Durante el homenaje, celebrado en el sal\u00f3n Frank Adames en la sede nacional del PTD, encabezado por la Comisi\u00f3n Pol\u00edtica Nacional de esa organizaci\u00f3n, se guard\u00f3 un minuto de silencio, por la  ca\u00edda de Caama\u00f1o, seguido por un minuto de aplausos en reconocimiento a su valor, patriotismo y hero\u00edsmo.m<\/span><\/p>\n<\/p>\n<h6> 2012-02-17 21:12:53 <\/h6>\n<p><!--\n<link rel=\"stylesheet\" href=\"css\/bootstrap.min.css\">\n\n\n<ul class=\"pagination\">\n\t    \n\t\n\n<li >\n\t<a href='?page_no=17915'>Previous<\/a>\n\t<\/li>\n\n\n       \n    \n\n<li><a href='?page_no=1'>1<\/a><\/li>\n\n\n\n<li><a href='?page_no=2'>2<\/a><\/li>\n\n\n\n<li><a>...<\/a><\/li>\n\n\n\n<li><a href='?page_no=17914'>17914<\/a><\/li>\n\n\n\n<li><a href='?page_no=17915'>17915<\/a><\/li>\n\n\n\n<li class='active'><a>17916<\/a><\/li>\n\n\n\n<li><a href='?page_no=17917'>17917<\/a><\/li>\n\n\n\n<li><a href='?page_no=17918'>17918<\/a><\/li>\n\n\n\n<li><a>...<\/a><\/li>\n\n\n\n<li><a href='?page_no=22911'>22911<\/a><\/li>\n\n\n\n<li><a href='?page_no=22912'>22912<\/a><\/li>\n\n    \n\t\n\n<li >\n\t<a href='?page_no=17917'>Next<\/a>\n\t<\/li>\n\n\n    \n\n<li><a href='?page_no=22912'>Last &rsaquo;&rsaquo;<\/a><\/li>\n\n<\/ul>\n\n\n--><br \/>\n<\/body><\/p>\n","protected":false},"excerpt":{"rendered":"<p>SANTO DOMINGO, 17 Feb 2012.-El Partido de los Trabajadores Dominicanos (PTD) rindi\u00f3 un homenaje de reconocimiento al coronel Francisco Alberto Caama\u00f1o De\u00f1\u00f3, al cumplirse el 39 aniversario de su fusilamiento en las lomas de San Jos\u00e9 deOcoa. El Presidente del PTD, Jos\u00e9 Gonz\u00e1lez Espinosa, resalt\u00f3 el patriotismo del h\u00e9roe de abril, que encabez\u00f3 la resistencia [&hellip;]<\/p>\n","protected":false},"author":3,"featured_media":0,"comment_status":"open","ping_status":"open","sticky":false,"template":"","format":"standard","meta":{"footnotes":""},"categories":[21],"tags":[],"class_list":["post-66238","post","type-post","status-publish","format-standard","hentry","category-cultura"],"_links":{"self":[{"href":"https:\/\/diariodominicano.com\/index.php?rest_route=\/wp\/v2\/posts\/66238","targetHints":{"allow":["GET"]}}],"collection":[{"href":"https:\/\/diariodominicano.com\/index.php?rest_route=\/wp\/v2\/posts"}],"about":[{"href":"https:\/\/diariodominicano.com\/index.php?rest_route=\/wp\/v2\/types\/post"}],"author":[{"embeddable":true,"href":"https:\/\/diariodominicano.com\/index.php?rest_route=\/wp\/v2\/users\/3"}],"replies":[{"embeddable":true,"href":"https:\/\/diariodominicano.com\/index.php?rest_route=%2Fwp%2Fv2%2Fcomments&post=66238"}],"version-history":[{"count":0,"href":"https:\/\/diariodominicano.com\/index.php?rest_route=\/wp\/v2\/posts\/66238\/revisions"}],"wp:attachment":[{"href":"https:\/\/diariodominicano.com\/index.php?rest_route=%2Fwp%2Fv2%2Fmedia&parent=66238"}],"wp:term":[{"taxonomy":"category","embeddable":true,"href":"https:\/\/diariodominicano.com\/index.php?rest_route=%2Fwp%2Fv2%2Fcategories&post=66238"},{"taxonomy":"post_tag","embeddable":true,"href":"https:\/\/diariodominicano.com\/index.php?rest_route=%2Fwp%2Fv2%2Ftags&post=66238"}],"curies":[{"name":"wp","href":"https:\/\/api.w.org\/{rel}","templated":true}]}}