{"id":66236,"date":"2012-02-17T21:19:45","date_gmt":"2012-02-17T21:19:45","guid":{"rendered":"http:\/\/diariodominicano.ddns.net\/?p=66236"},"modified":"2012-02-17T21:19:45","modified_gmt":"2012-02-17T21:19:45","slug":"boricua-danny-rivera-feliz-por-documental-con-musicos-cubanos","status":"publish","type":"post","link":"https:\/\/diariodominicano.com\/?p=66236","title":{"rendered":"Boricua Danny Rivera feliz por documental con m\u00fasicos cubanos"},"content":{"rendered":"<p><body><\/p>\n<p><span class=\"text1noticias\">Pinar del R\u00edo, Cuba, 17 febrero (PL).- El cantautor boricua Danny Rivera y el legendario trovador cubano Adriano Rodr\u00edguez unieron hoy sus voces durante la filmaci\u00f3n aqu\u00ed de un documental dirigido por el guitarrista, compositor y productor Edesio Alejandro.<\/span><\/p>\n<\/p>\n<p><span class=\"text1noticias\">En el centenario teatro Jos\u00e9 Jacinto Milan\u00e9s se rodaron escenas del v\u00eddeo La m\u00fasica es mi respiraci\u00f3n, cuyo elenco estuvo integrado tambi\u00e9n por la orquesta sinf\u00f3nica infantil de esta occidental provincia.<\/span><\/p>\n<\/p>\n<p><span class=\"text1noticias\">Estoy feliz con la idea de poder homenajear a verdaderas figuras de la vertiente trovadoresca cubana como Adriano Rodr\u00edguez, declar\u00f3 a Prensa Latina el cantante puertorrique\u00f1o momentos antes del rodaje.<\/span><\/p>\n<\/p>\n<p><span class=\"text1noticias\">Record\u00f3 que conoci\u00f3 y comenz\u00f3 a amar a Cuba por sus melod\u00edas y cantores, muy admirados y queridos en su pa\u00eds natal, asegur\u00f3.<\/span><\/p>\n<\/p>\n<p><span class=\"text1noticias\">Rivera elogi\u00f3 la iniciativa de incluir a infantes y adolescentes en el proyecto f\u00edlmico promovido por Edesio Alejandro.<\/span><\/p>\n<\/p>\n<p><span class=\"text1noticias\">Es maravillo comprobar lo que hacen aqu\u00ed con y por los ni\u00f1os, el arte vive en nosotros para despertar la conciencia, para que seamos mejores seres humanos y justo ese efecto tendr\u00e1 en los peque\u00f1os instrumentistas, subray\u00f3.<\/span><\/p>\n<\/p>\n<p><span class=\"text1noticias\">En el documental participan tambi\u00e9n otros \u00edconos del pentagrama nacional como Silvio Rodr\u00edguez, fundador del movimiento de La Nueva Trova, y el pianista Frank Fern\u00e1ndez.<\/span><\/p>\n<\/p>\n<p><span class=\"text1noticias\">Durante una trayectoria art\u00edstica de casi siete d\u00e9cadas, Adriano Rodr\u00edguez conquist\u00f3 el aplauso del p\u00fablico por sus excelentes condiciones vocales.<\/span><\/p>\n<\/p>\n<p><span class=\"text1noticias\">Nacido en 1924 comparti\u00f3 escena con voces imprescindibles de la cultura cubana como Pablo Milan\u00e9s y Barbarito Diez.<\/span><\/p>\n<\/p>\n<p><span class=\"text1noticias\">Estoy emocionado con este v\u00eddeo que recoge mi historia a lo largo de varias d\u00e9cadas, he sido un buen cantante, con mi estilo y mi manera de ser, que me han permitido ofrecer algunos conciertos todav\u00eda a mis 88 a\u00f1os, asever\u00f3 en di\u00e1logo con Prensa Latina.<\/span><\/p>\n<\/p>\n<p><span class=\"text1noticias\">Los estudiantes de la Escuela Vocacional de Arte de Pinar del R\u00edo, donde imparti\u00f3 clases Edesio Alejandro, participan por segunda ocasi\u00f3n en un filme realizado por creadores cubanos.<\/span><\/p>\n<\/p>\n<p><span class=\"text1noticias\">Havanization o Havanizaci\u00f3n, bajo la direcci\u00f3n del prol\u00edfico autor e int\u00e9rprete Ra\u00fal Paz, antecedi\u00f3 a esta experiencia en similares locaciones<\/span>.<\/p>\n<\/p>\n<\/p>\n<h6> 2012-02-17 21:19:45 <\/h6>\n<p><!--\n<link rel=\"stylesheet\" href=\"css\/bootstrap.min.css\">\n\n\n<ul class=\"pagination\">\n\t    \n\t\n\n<li >\n\t<a href='?page_no=17913'>Previous<\/a>\n\t<\/li>\n\n\n       \n    \n\n<li><a href='?page_no=1'>1<\/a><\/li>\n\n\n\n<li><a href='?page_no=2'>2<\/a><\/li>\n\n\n\n<li><a>...<\/a><\/li>\n\n\n\n<li><a href='?page_no=17912'>17912<\/a><\/li>\n\n\n\n<li><a href='?page_no=17913'>17913<\/a><\/li>\n\n\n\n<li class='active'><a>17914<\/a><\/li>\n\n\n\n<li><a href='?page_no=17915'>17915<\/a><\/li>\n\n\n\n<li><a href='?page_no=17916'>17916<\/a><\/li>\n\n\n\n<li><a>...<\/a><\/li>\n\n\n\n<li><a href='?page_no=22911'>22911<\/a><\/li>\n\n\n\n<li><a href='?page_no=22912'>22912<\/a><\/li>\n\n    \n\t\n\n<li >\n\t<a href='?page_no=17915'>Next<\/a>\n\t<\/li>\n\n\n    \n\n<li><a href='?page_no=22912'>Last &rsaquo;&rsaquo;<\/a><\/li>\n\n<\/ul>\n\n\n--><br \/>\n<\/body><\/p>\n","protected":false},"excerpt":{"rendered":"<p>Pinar del R\u00edo, Cuba, 17 febrero (PL).- El cantautor boricua Danny Rivera y el legendario trovador cubano Adriano Rodr\u00edguez unieron hoy sus voces durante la filmaci\u00f3n aqu\u00ed de un documental dirigido por el guitarrista, compositor y productor Edesio Alejandro. En el centenario teatro Jos\u00e9 Jacinto Milan\u00e9s se rodaron escenas del v\u00eddeo La m\u00fasica es mi [&hellip;]<\/p>\n","protected":false},"author":3,"featured_media":0,"comment_status":"open","ping_status":"open","sticky":false,"template":"","format":"standard","meta":{"footnotes":""},"categories":[21],"tags":[],"class_list":["post-66236","post","type-post","status-publish","format-standard","hentry","category-cultura"],"_links":{"self":[{"href":"https:\/\/diariodominicano.com\/index.php?rest_route=\/wp\/v2\/posts\/66236","targetHints":{"allow":["GET"]}}],"collection":[{"href":"https:\/\/diariodominicano.com\/index.php?rest_route=\/wp\/v2\/posts"}],"about":[{"href":"https:\/\/diariodominicano.com\/index.php?rest_route=\/wp\/v2\/types\/post"}],"author":[{"embeddable":true,"href":"https:\/\/diariodominicano.com\/index.php?rest_route=\/wp\/v2\/users\/3"}],"replies":[{"embeddable":true,"href":"https:\/\/diariodominicano.com\/index.php?rest_route=%2Fwp%2Fv2%2Fcomments&post=66236"}],"version-history":[{"count":0,"href":"https:\/\/diariodominicano.com\/index.php?rest_route=\/wp\/v2\/posts\/66236\/revisions"}],"wp:attachment":[{"href":"https:\/\/diariodominicano.com\/index.php?rest_route=%2Fwp%2Fv2%2Fmedia&parent=66236"}],"wp:term":[{"taxonomy":"category","embeddable":true,"href":"https:\/\/diariodominicano.com\/index.php?rest_route=%2Fwp%2Fv2%2Fcategories&post=66236"},{"taxonomy":"post_tag","embeddable":true,"href":"https:\/\/diariodominicano.com\/index.php?rest_route=%2Fwp%2Fv2%2Ftags&post=66236"}],"curies":[{"name":"wp","href":"https:\/\/api.w.org\/{rel}","templated":true}]}}