{"id":66234,"date":"2012-02-17T21:54:27","date_gmt":"2012-02-17T21:54:27","guid":{"rendered":"http:\/\/diariodominicano.ddns.net\/?p=66234"},"modified":"2012-02-17T21:54:27","modified_gmt":"2012-02-17T21:54:27","slug":"festival-internacional-de-arte-performance-independence-do","status":"publish","type":"post","link":"https:\/\/diariodominicano.com\/?p=66234","title":{"rendered":"&#13;Festival internacional de arte performance Independence-Do"},"content":{"rendered":"<p><body><\/p>\n<p><img decoding=\"async\" src=\"img3\/Charo Oquet (Rep.Dom.-USA).jpg\" \/><br \/><img decoding=\"async\" src=\"img3\/Eliu Almonte (Rep.Dom.).JPG\" \/><br \/><img decoding=\"async\" src=\"img3\/Elvin Diaz (Rep.Dom.).jpg\" \/>  <\/p>\n<p><span class=\"text1noticias\">SANTO DOMINGO, 17 Feb 2012.-Independence-Do, plataforma nacional e internacional de artistas del performance, anuncia la realizaci\u00f3n de la segunda entrega del Festival Internacional del Arte de Performance, del 21 al 27 de febrero, en distintas locaciones de Santo Domingo y Puerto Plata. <\/span><\/p>\n<\/p>\n<p><span class=\"text1noticias\">El festival, que cuenta con el apoyo del Ministerio de Cultura, el Museo de Arte Moderno y el Centro Cultural de Espa\u00f1a, se constituye en una importante plataforma de reflexi\u00f3n transcontinental para el arte del performance de la actualidad basado en un amplio programa de acciones en espacios interiores y abiertos que incluye conferencias, talleres, proyecciones y encuentros en los que el p\u00fablico podr\u00e1 debatir abiertamente con los artistas invitados, seg\u00fan explican sus coordinadores Eli\u00fa Almonte, Grimaldy Polanco, Pery Jim\u00e9nez y el cr\u00edtico de arte Amable L\u00f3pez Mel\u00e9ndez. <\/span><\/p>\n<\/p>\n<p><span class=\"text1noticias\">El acto inaugural de las sesiones reflexivas se llevar\u00e1 a cabo el martes 21 de febrero, a las 11:00 de la ma\u00f1ana, en el Auditorio del Museo de Arte Moderno, con la conferencia \u00ab20 a\u00f1os de performance chileno\u00bb a cargo del artista y te\u00f3rico Samuel Ibarra Covarrubias, curador de la Bienal Internacional de Performance-DEFORMES (Chile).<\/span><\/p>\n<\/p>\n<p><span class=\"text1noticias\">En tanto que, las acciones de performance ser\u00e1n inauguradas simult\u00e1neamente en el Centro Cultural de Espa\u00f1a (CCE), a las 7:00 de la noche, con la muestra de videoperformance titulada \u00abUneateable\u00bb (Incomible), curada por Samuel Ibarra Covarrubias, abierta al p\u00fablico hasta el 25 de febrero. La misma noche de la inauguraci\u00f3n accionar\u00e1n Elvin D\u00edaz y Grimaldy Polanco (Rep\u00fablica Dominicana), Gabriela Alonso (Argentina) y Bartolom\u00e9 Ferrando (Espa\u00f1a).<\/span><\/p>\n<\/p>\n<p><span class=\"text1noticias\">El mi\u00e9rcoles 22 y el jueves 23, a partir de las 7:00 de la noche, la sesi\u00f3n de acciones de INDEPENDENCE-DO se desarrollar\u00e1 en los espacios exteriores del MAM. Mientras que el viernes 24 de febrero, a partir de las 6:00 p.m., contin\u00faa en la Sociedad Cultural Renovaci\u00f3n de Puerto Plata con un performance culinario del artista dominicano Polibio D\u00edaz, seguido de las presentaciones de Alexei Teller\u00edas y Sorangel Ferm\u00edn.<\/span><\/p>\n<\/p>\n<p><span class=\"text1noticias\">Las acciones en Puerto Plata se extienden desde el viernes 24 hasta el lunes 27 de febrero, d\u00eda de la Independencia Nacional y se desarrollar\u00e1n en los espacios de  la Sociedad Cultural Renovaci\u00f3n, la Plaza de la Libertad, el Fuerte San Felipe, la Plaza Independencia, La Ex-enfermer\u00eda y el Centro de Arte Rafi V\u00e1squez. <\/span><\/p>\n<\/p>\n<p><span class=\"text1noticias\">Esta sesi\u00f3n incluye la participaci\u00f3n de accionistas internacionales, tales como Paul Couillard y Christine Brault (Canad\u00e1), Nicole Soden (EE.UU.), Angelika Fojtuch (Polonia), Samuel Ibarra (Chile), Fausto Gracia (M\u00e9xico);  as\u00ed como los dominicanos Geo Ripley, Pascal Meccariello, Eli\u00fa Almonte, Orlando Menicucci, Jochi Mu\u00f1oz, Ingrid Madera, Nancy Vizcaino y Etienne Hern\u00e1ndez.<\/span><\/p>\n<\/p>\n<p><strong><em><u><span class=\"text1noticias\">INDEPENDENCE-DO<\/span><\/u><\/em><\/strong><\/p>\n<\/p>\n<p><span class=\"text1noticias\">Tiene como objetivo fomentar el desarrollo de las nuevas disciplinas creativas, el fortalecimiento de los espacios del di\u00e1logo  transdiciplinar y la proyecci\u00f3n de las m\u00e1s avanzadas manifestaciones art\u00edsticas dominicanas en el mapa global de la cultura visual contempor\u00e1nea.<\/span><\/p>\n<\/p>\n<p><span class=\"text1noticias\">Esta segunda edici\u00f3n del Festival  cuenta con los auspicios del Ministerio de Cultura, el Museo Arte Moderno (MAM), el Centro Cultural de Espa\u00f1a, el Cl\u00faster Tur\u00edstico de Santo Domingo, el Cl\u00faster Tur\u00edstico y Cultural de Puerto Plata, la Asociaci\u00f3n de Hoteles de Santo Domingo, la Oficina Metropolitana de Servicios de Autobuses (OMSA), GDYNIA moje miasto, KITE Beach Hotel, Sea Horse Ranch, EPS, Coca Cola, Brugal y Co, Grupo RESCUE, Hotel EUROPA, Hotel MERCURE y la Asociaci\u00f3n de Hoteles de Playa Dorada. <\/span><\/p>\n<p><span class=\"text1noticias\"> <\/span><\/p>\n<\/p>\n<h6> 2012-02-17 21:54:27 <\/h6>\n<p><!--\n<link rel=\"stylesheet\" href=\"css\/bootstrap.min.css\">\n\n\n<ul class=\"pagination\">\n\t    \n\t\n\n<li >\n\t<a href='?page_no=17911'>Previous<\/a>\n\t<\/li>\n\n\n       \n    \n\n<li><a href='?page_no=1'>1<\/a><\/li>\n\n\n\n<li><a href='?page_no=2'>2<\/a><\/li>\n\n\n\n<li><a>...<\/a><\/li>\n\n\n\n<li><a href='?page_no=17910'>17910<\/a><\/li>\n\n\n\n<li><a href='?page_no=17911'>17911<\/a><\/li>\n\n\n\n<li class='active'><a>17912<\/a><\/li>\n\n\n\n<li><a href='?page_no=17913'>17913<\/a><\/li>\n\n\n\n<li><a href='?page_no=17914'>17914<\/a><\/li>\n\n\n\n<li><a>...<\/a><\/li>\n\n\n\n<li><a href='?page_no=22911'>22911<\/a><\/li>\n\n\n\n<li><a href='?page_no=22912'>22912<\/a><\/li>\n\n    \n\t\n\n<li >\n\t<a href='?page_no=17913'>Next<\/a>\n\t<\/li>\n\n\n    \n\n<li><a href='?page_no=22912'>Last &rsaquo;&rsaquo;<\/a><\/li>\n\n<\/ul>\n\n\n--><br \/>\n<\/body><\/p>\n","protected":false},"excerpt":{"rendered":"<p>SANTO DOMINGO, 17 Feb 2012.-Independence-Do, plataforma nacional e internacional de artistas del performance, anuncia la realizaci\u00f3n de la segunda entrega del Festival Internacional del Arte de Performance, del 21 al 27 de febrero, en distintas locaciones de Santo Domingo y Puerto Plata. El festival, que cuenta con el apoyo del Ministerio de Cultura, el Museo [&hellip;]<\/p>\n","protected":false},"author":3,"featured_media":0,"comment_status":"open","ping_status":"open","sticky":false,"template":"","format":"standard","meta":{"footnotes":""},"categories":[21],"tags":[],"class_list":["post-66234","post","type-post","status-publish","format-standard","hentry","category-cultura"],"_links":{"self":[{"href":"https:\/\/diariodominicano.com\/index.php?rest_route=\/wp\/v2\/posts\/66234","targetHints":{"allow":["GET"]}}],"collection":[{"href":"https:\/\/diariodominicano.com\/index.php?rest_route=\/wp\/v2\/posts"}],"about":[{"href":"https:\/\/diariodominicano.com\/index.php?rest_route=\/wp\/v2\/types\/post"}],"author":[{"embeddable":true,"href":"https:\/\/diariodominicano.com\/index.php?rest_route=\/wp\/v2\/users\/3"}],"replies":[{"embeddable":true,"href":"https:\/\/diariodominicano.com\/index.php?rest_route=%2Fwp%2Fv2%2Fcomments&post=66234"}],"version-history":[{"count":0,"href":"https:\/\/diariodominicano.com\/index.php?rest_route=\/wp\/v2\/posts\/66234\/revisions"}],"wp:attachment":[{"href":"https:\/\/diariodominicano.com\/index.php?rest_route=%2Fwp%2Fv2%2Fmedia&parent=66234"}],"wp:term":[{"taxonomy":"category","embeddable":true,"href":"https:\/\/diariodominicano.com\/index.php?rest_route=%2Fwp%2Fv2%2Fcategories&post=66234"},{"taxonomy":"post_tag","embeddable":true,"href":"https:\/\/diariodominicano.com\/index.php?rest_route=%2Fwp%2Fv2%2Ftags&post=66234"}],"curies":[{"name":"wp","href":"https:\/\/api.w.org\/{rel}","templated":true}]}}