{"id":66233,"date":"2012-02-17T22:01:59","date_gmt":"2012-02-17T22:01:59","guid":{"rendered":"http:\/\/diariodominicano.ddns.net\/?p=66233"},"modified":"2012-02-17T22:01:59","modified_gmt":"2012-02-17T22:01:59","slug":"cultura-celebrara-seminario-sobre-la-critica-literaria","status":"publish","type":"post","link":"https:\/\/diariodominicano.com\/?p=66233","title":{"rendered":"&#13;Cultura celebrar\u00e1 Seminario sobre la Cr\u00edtica Literaria"},"content":{"rendered":"<p><body><\/p>\n<p><img decoding=\"async\" src=\"img3\/Bruno Rosario Candelier.JPG\" \/>  <\/p>\n<p><span class=\"text1noticias\">SANTO DOMINGO, 17 Feb 2012.-El Ministerio de Cultura celebrar\u00e1 el Primer Seminario sobre Cr\u00edtica Literaria en la Rep\u00fablica Dominicana, a realizarse los d\u00edas 24 y 25 de este mes.<\/span><\/p>\n<\/p>\n<p><span class=\"text1noticias\">Un total de 19 escritores y cr\u00edticos, del pa\u00eds y del exterior, participar\u00e1n como expositores en el evento que tendr\u00e1 como escenario el Hotel Intercontinental, de 9 de la ma\u00f1ana a 6 de la tarde.<\/span><\/p>\n<\/p>\n<p><span class=\"text1noticias\">El director de Gesti\u00f3n Literaria, Basilio Belliard, quien coordina el seminario, dijo que \u00abexiste un gran entusiasmo entre los expositores que participar\u00e1n en el evento, que a juzgar por los t\u00edtulos de las ponencias, vaticina un seminario de muy alto nivel y de gran calidad intelectual\u00bb.<\/span><\/p>\n<\/p>\n<p><span class=\"text1noticias\">Belliard destac\u00f3 que \u00abel seminario intentar\u00e1 dar respuesta a muchas interrogantes relacionadas con el devenir literario dominicano, su proyecci\u00f3n y desarrollo, as\u00ed como establecer pautas para el conocimiento y divulgaci\u00f3n de la literatura nacional\u00bb.<\/span><\/p>\n<\/p>\n<p><span class=\"text1noticias\">Los expositores confirmados son Di\u00f3genes C\u00e9spedes, Manuel Matos Moquete, Bruno Rosario Candelier, Jos\u00e9 Enrique Garc\u00eda, Odal\u00eds P\u00e9rez, Manuel N\u00fa\u00f1ez y Manuel Garc\u00eda Cartagena.<\/span><\/p>\n<\/p>\n<p><span class=\"text1noticias\">Adem\u00e1s, Andr\u00e9s L. Mateo, Fernando Cabrera, Pura Emeterio Rond\u00f3n, Le\u00f3n David, y Plinio Chah\u00edn. <\/span><\/p>\n<\/p>\n<p><span class=\"text1noticias\">Tambi\u00e9n participar\u00e1n las escritoras extranjeras, expertas en literatura dominicana, Rita de Maesenner, de B\u00e9lgica; Ester Gimbernat Gonz\u00e1lez, de Denver, Estados Unidos, y Nina Bruni, de Trinidad-Tobago.<\/span><\/p>\n<\/p>\n<p><span class=\"text1noticias\">Igualmente, los escritores dominicanos establecidos en Estados Unidos, Miguel An\u00edbal Perdomo, y M\u00e9dar Serrata, as\u00ed como desde Puerto Rico, Eugenio Garc\u00eda Cuevas y Miguel \u00c1ngel Forner\u00edn.<\/span><\/p>\n<\/p>\n<p><span class=\"text1noticias\">El acto inaugural del Seminario de Cr\u00edtica Literaria tendr\u00e1 lugar el viernes 24, a las 10 de la ma\u00f1ana, con un discurso de Jos\u00e9 Rafael Lantigua, Ministro de Cultura. El acto de clausura ser\u00e1 el s\u00e1bado 25, a las 6 de la tarde,  con la lectura de las conclusiones y estar\u00e1 a cargo del poeta Basilio Belliard, coordinador del evento, junto a los escritores \u00c1ngela Hern\u00e1ndez y Valent\u00edn Amaro.<\/span><\/p>\n<\/p>\n<h6> 2012-02-17 22:01:59 <\/h6>\n<p><!--\n<link rel=\"stylesheet\" href=\"css\/bootstrap.min.css\">\n\n\n<ul class=\"pagination\">\n\t    \n\t\n\n<li >\n\t<a href='?page_no=17910'>Previous<\/a>\n\t<\/li>\n\n\n       \n    \n\n<li><a href='?page_no=1'>1<\/a><\/li>\n\n\n\n<li><a href='?page_no=2'>2<\/a><\/li>\n\n\n\n<li><a>...<\/a><\/li>\n\n\n\n<li><a href='?page_no=17909'>17909<\/a><\/li>\n\n\n\n<li><a href='?page_no=17910'>17910<\/a><\/li>\n\n\n\n<li class='active'><a>17911<\/a><\/li>\n\n\n\n<li><a href='?page_no=17912'>17912<\/a><\/li>\n\n\n\n<li><a href='?page_no=17913'>17913<\/a><\/li>\n\n\n\n<li><a>...<\/a><\/li>\n\n\n\n<li><a href='?page_no=22911'>22911<\/a><\/li>\n\n\n\n<li><a href='?page_no=22912'>22912<\/a><\/li>\n\n    \n\t\n\n<li >\n\t<a href='?page_no=17912'>Next<\/a>\n\t<\/li>\n\n\n    \n\n<li><a href='?page_no=22912'>Last &rsaquo;&rsaquo;<\/a><\/li>\n\n<\/ul>\n\n\n--><br \/>\n<\/body><\/p>\n","protected":false},"excerpt":{"rendered":"<p>SANTO DOMINGO, 17 Feb 2012.-El Ministerio de Cultura celebrar\u00e1 el Primer Seminario sobre Cr\u00edtica Literaria en la Rep\u00fablica Dominicana, a realizarse los d\u00edas 24 y 25 de este mes. Un total de 19 escritores y cr\u00edticos, del pa\u00eds y del exterior, participar\u00e1n como expositores en el evento que tendr\u00e1 como escenario el Hotel Intercontinental, de [&hellip;]<\/p>\n","protected":false},"author":3,"featured_media":0,"comment_status":"open","ping_status":"open","sticky":false,"template":"","format":"standard","meta":{"footnotes":""},"categories":[21],"tags":[],"class_list":["post-66233","post","type-post","status-publish","format-standard","hentry","category-cultura"],"_links":{"self":[{"href":"https:\/\/diariodominicano.com\/index.php?rest_route=\/wp\/v2\/posts\/66233","targetHints":{"allow":["GET"]}}],"collection":[{"href":"https:\/\/diariodominicano.com\/index.php?rest_route=\/wp\/v2\/posts"}],"about":[{"href":"https:\/\/diariodominicano.com\/index.php?rest_route=\/wp\/v2\/types\/post"}],"author":[{"embeddable":true,"href":"https:\/\/diariodominicano.com\/index.php?rest_route=\/wp\/v2\/users\/3"}],"replies":[{"embeddable":true,"href":"https:\/\/diariodominicano.com\/index.php?rest_route=%2Fwp%2Fv2%2Fcomments&post=66233"}],"version-history":[{"count":0,"href":"https:\/\/diariodominicano.com\/index.php?rest_route=\/wp\/v2\/posts\/66233\/revisions"}],"wp:attachment":[{"href":"https:\/\/diariodominicano.com\/index.php?rest_route=%2Fwp%2Fv2%2Fmedia&parent=66233"}],"wp:term":[{"taxonomy":"category","embeddable":true,"href":"https:\/\/diariodominicano.com\/index.php?rest_route=%2Fwp%2Fv2%2Fcategories&post=66233"},{"taxonomy":"post_tag","embeddable":true,"href":"https:\/\/diariodominicano.com\/index.php?rest_route=%2Fwp%2Fv2%2Ftags&post=66233"}],"curies":[{"name":"wp","href":"https:\/\/api.w.org\/{rel}","templated":true}]}}