{"id":66232,"date":"2012-02-18T12:33:40","date_gmt":"2012-02-18T12:33:40","guid":{"rendered":"http:\/\/diariodominicano.ddns.net\/?p=66232"},"modified":"2012-02-18T12:33:40","modified_gmt":"2012-02-18T12:33:40","slug":"presentan-libros-de-juan-bosch-en-feria-del-libro","status":"publish","type":"post","link":"https:\/\/diariodominicano.com\/?p=66232","title":{"rendered":"Presentan libros de Juan Bosch en Feria del Libro"},"content":{"rendered":"<p><body><\/p>\n<p><span class=\"text1noticias\">La Habana Cuba, 18 febrer(Xinhua).- El presidente de la Asamblea Nacional del Poder Popular de Cuba, Ricardo Alarc\u00f3n, present\u00f3 en La Habana el libro \u00abPentagonismo, 42 a\u00f1os despu\u00e9s\u00bb, del pol\u00edtico e intelectual dominicano Juan Bosch (1909-2001).<\/span><\/p>\n<p><span class=\"text1noticias\"> <\/span><\/p>\n<p><span class=\"text1noticias\">El volumen salio a la luz en la Casa del ALBA Cultural, en La Habana, en el \u00e1mbito de la XXI Feria Internacional del Libro que se desarrolla en la mayor de las Antillas.<\/span><\/p>\n<p><span class=\"text1noticias\"> <\/span><\/p>\n<p><span class=\"text1noticias\">El l\u00edder parlamentario cubano dijo que el libro \u00abPentagonismo, 42 a\u00f1os despu\u00e9s\u00bb est\u00e1 escrito con gran sabidur\u00eda y amor, donde se anticipa el triunfo de la Revoluci\u00f3n Cubana, por un hombre que result\u00f3 \u00abtodo un profeta, distinguido por su profunda honestidad e integridad\u00bb.<\/span><\/p>\n<p><span class=\"text1noticias\"> <\/span><\/p>\n<p><span class=\"text1noticias\">Un panel de personalidades anunci\u00f3 tambi\u00e9n otros t\u00edtulos, que son resultado de la labor de la C\u00e1tedra Juan Bosch, de la Universidad de La Habana, entre estos \u00abDe Am\u00e9rica soy hijo\u00bb, de Armando Hart, director de la oficina del Programa Martiano.<\/span><\/p>\n<p><span class=\"text1noticias\"> <\/span><\/p>\n<p><span class=\"text1noticias\">Este jueves fueron presentados adem\u00e1s \u00abEl delito de opini\u00f3n p\u00fablica\u00bb, obra del presidente dominicano Leonel Fern\u00e1ndez y las compilaciones \u00abMax Henr\u00edquez Ure\u00f1a, obra y apuntes\u00bb, y \u00abJuan Bosch en Cuba\u00bb.<\/span><\/p>\n<p><span class=\"text1noticias\"> <\/span><\/p>\n<p><span class=\"text1noticias\">Al hablar sobre el texto de Leonel Fern\u00e1ndez, la especialista Marta Prieto, profesora de la Universidad de La Habana, se\u00f1al\u00f3 que \u00e9ste aborda un tema muy complejo y actual, con claridad, lenguaje directo y con s\u00f3lida documentaci\u00f3n y ejemplos concretos que muestran la necesidad de la libertad de expresi\u00f3n.<\/span><\/p>\n<p><span class=\"text1noticias\"> <\/span><\/p>\n<p><span class=\"text1noticias\">El vicepresidente de la Academia Cubana de la Lengua, Rogelio Rodr\u00edguez Coronel, se\u00f1al\u00f3 que \u00abDe Am\u00e9rica soy hijo\u00bb es un di\u00e1logo de Hart con los pueblos del Caribe, centrado en Juan Bosch y con una raigambre \u00e9tica martiana y temas esenciales, como la importancia de hacer buena pol\u00edtica.<\/span><\/p>\n<p><span class=\"text1noticias\"> <\/span><\/p>\n<p><span class=\"text1noticias\">El doctor Angel P\u00e9rez Herrero, profesor de la Universidad de La Habana, dijo por su parte que Juan Bosch es una de las grandes voces de Am\u00e9rica, con una notable prestancia literaria al tratar temas como su cr\u00edtica a la pol\u00edtica estadounidense hacia la subregi\u00f3n.<\/span><\/p>\n<p><span class=\"text1noticias\"> <\/span><\/p>\n<p><span class=\"text1noticias\">El decano de la Facultad de Artes y Letras de la Universidad de La Habana, Antonio Bauj\u00edn, resalt\u00f3 al comentar \u00abMax Henr\u00edquez Ure\u00f1a, obra y apuntes\u00bb, los nexos hist\u00f3ricos entre poetas y libertadores de Cuba y de otros pueblos caribe\u00f1os.<\/span><\/p>\n<p><span class=\"text1noticias\"> <\/span><\/p>\n<p><span class=\"text1noticias\">Sobre Max Henr\u00edquez Ure\u00f1a dijo que fue uno de los grandes descubridores de la cultura cubana, literato de alcance universal, pero con las ra\u00edces bien hundidas en las sementeras americanas<\/span>.<\/p>\n<h6> 2012-02-18 12:33:40 <\/h6>\n<p><!--\n<link rel=\"stylesheet\" href=\"css\/bootstrap.min.css\">\n\n\n<ul class=\"pagination\">\n\t    \n\t\n\n<li >\n\t<a href='?page_no=17909'>Previous<\/a>\n\t<\/li>\n\n\n       \n    \n\n<li><a href='?page_no=1'>1<\/a><\/li>\n\n\n\n<li><a href='?page_no=2'>2<\/a><\/li>\n\n\n\n<li><a>...<\/a><\/li>\n\n\n\n<li><a href='?page_no=17908'>17908<\/a><\/li>\n\n\n\n<li><a href='?page_no=17909'>17909<\/a><\/li>\n\n\n\n<li class='active'><a>17910<\/a><\/li>\n\n\n\n<li><a href='?page_no=17911'>17911<\/a><\/li>\n\n\n\n<li><a href='?page_no=17912'>17912<\/a><\/li>\n\n\n\n<li><a>...<\/a><\/li>\n\n\n\n<li><a href='?page_no=22911'>22911<\/a><\/li>\n\n\n\n<li><a href='?page_no=22912'>22912<\/a><\/li>\n\n    \n\t\n\n<li >\n\t<a href='?page_no=17911'>Next<\/a>\n\t<\/li>\n\n\n    \n\n<li><a href='?page_no=22912'>Last &rsaquo;&rsaquo;<\/a><\/li>\n\n<\/ul>\n\n\n--><br \/>\n<\/body><\/p>\n","protected":false},"excerpt":{"rendered":"<p>La Habana Cuba, 18 febrer(Xinhua).- El presidente de la Asamblea Nacional del Poder Popular de Cuba, Ricardo Alarc\u00f3n, present\u00f3 en La Habana el libro \u00abPentagonismo, 42 a\u00f1os despu\u00e9s\u00bb, del pol\u00edtico e intelectual dominicano Juan Bosch (1909-2001). El volumen salio a la luz en la Casa del ALBA Cultural, en La Habana, en el \u00e1mbito de [&hellip;]<\/p>\n","protected":false},"author":3,"featured_media":0,"comment_status":"open","ping_status":"open","sticky":false,"template":"","format":"standard","meta":{"footnotes":""},"categories":[21],"tags":[],"class_list":["post-66232","post","type-post","status-publish","format-standard","hentry","category-cultura"],"_links":{"self":[{"href":"https:\/\/diariodominicano.com\/index.php?rest_route=\/wp\/v2\/posts\/66232","targetHints":{"allow":["GET"]}}],"collection":[{"href":"https:\/\/diariodominicano.com\/index.php?rest_route=\/wp\/v2\/posts"}],"about":[{"href":"https:\/\/diariodominicano.com\/index.php?rest_route=\/wp\/v2\/types\/post"}],"author":[{"embeddable":true,"href":"https:\/\/diariodominicano.com\/index.php?rest_route=\/wp\/v2\/users\/3"}],"replies":[{"embeddable":true,"href":"https:\/\/diariodominicano.com\/index.php?rest_route=%2Fwp%2Fv2%2Fcomments&post=66232"}],"version-history":[{"count":0,"href":"https:\/\/diariodominicano.com\/index.php?rest_route=\/wp\/v2\/posts\/66232\/revisions"}],"wp:attachment":[{"href":"https:\/\/diariodominicano.com\/index.php?rest_route=%2Fwp%2Fv2%2Fmedia&parent=66232"}],"wp:term":[{"taxonomy":"category","embeddable":true,"href":"https:\/\/diariodominicano.com\/index.php?rest_route=%2Fwp%2Fv2%2Fcategories&post=66232"},{"taxonomy":"post_tag","embeddable":true,"href":"https:\/\/diariodominicano.com\/index.php?rest_route=%2Fwp%2Fv2%2Ftags&post=66232"}],"curies":[{"name":"wp","href":"https:\/\/api.w.org\/{rel}","templated":true}]}}