{"id":66231,"date":"2012-02-18T12:38:40","date_gmt":"2012-02-18T12:38:40","guid":{"rendered":"http:\/\/diariodominicano.ddns.net\/?p=66231"},"modified":"2012-02-18T12:38:40","modified_gmt":"2012-02-18T12:38:40","slug":"celebraran-fiestas-patrias-dominicanas-en-puerto-rico","status":"publish","type":"post","link":"https:\/\/diariodominicano.com\/?p=66231","title":{"rendered":"&#13;Celebrar\u00e1n fiestas patrias dominicanas en Puerto Rico"},"content":{"rendered":"<p><body><\/p>\n<p>San Juan, Puerto Rico, 18 febrero.- El consulado dominicano y la Oficina de Turismo de la Rep\u00fablica Dominicana en San Juan anunciaron hoy una amplia agenda de actividades que se realizar\u00e1n desde este domingo con motivo del 168 aniversario de la independencia de ese pa\u00eds y que reunir\u00e1n a distintos sectores de la di\u00e1spora residente en la isla.<\/p>\n<\/p>\n<p>La agenda incluye eventos culturales, educativos y de promoci\u00f3n de los valores patrios, seg\u00fan inform\u00f3 el c\u00f3nsul M\u00e1ximo Taveras, en una rueda de prensa en la sede del consulado en Santurce, acompa\u00f1ado por la directora de la Oficina de Promoci\u00f3n Tur\u00edstica de la Rep\u00fablica Dominicana, Cosette Garc\u00eda, miembros del cuerpo consular y representantes de organizaciones comunitarias.<\/p>\n<\/p>\n<p>Las actividades conmemorativas ser\u00e1n realizadas con apoyo de instituciones, clubes y organizaciones sin fines de lucro de la comunidad dominicana, y tendr\u00e1n inicio este domingo 19 de febrero a las 9:00 de la ma\u00f1ana con el izamiento de la bandera de la Rep\u00fablica Dominicana en la explanada del edificio Cobian?s Plaza, en la parada 23 en Santurce, donde est\u00e1n las oficinas del consulado.<\/p>\n<\/p>\n<p>Adem\u00e1s, el martes 21 de febrero la Sala Capitular de la alcald\u00eda de San Juan leer\u00e1 una proclama dedicada a la celebraci\u00f3n de las fiestas patrias dominicanas en la isla con motivo del 168 aniversario de la Independencia Nacional de ese pa\u00eds.<\/p>\n<\/p>\n<p>El lunes 20 el consulado realizar\u00e1 una ceremonia en la que el consulado reconocer\u00e1 a ciudadanos dominicanos destacados en Puerto Rico, en una actividad en la sede de la Alianza Dominicana, en la avenida Ponce De Le\u00f3n.<\/p>\n<\/p>\n<p>Igualmente, se realizar\u00e1n encuentros deportivos, presentaciones art\u00edsticas, una charla y conferencia titulada \u00abImplicaciones Raciales en la Independencia Dominicana\u00bb, a cargo del embajador Alberto Despradel, y tendr\u00e1 lugar una recepci\u00f3n de Gala, que ser\u00e1 oficiada por el consulado dominicano y la Oficina de Turismo de la Rep\u00fablica Dominicana, el viernes 24 de febrero.<\/p>\n<\/p>\n<p>Taveras destac\u00f3 que la celebraci\u00f3n de las fiestas patrias reviste especial importancia para los dominicanos inmigrantes, ya que contribuye a fortalecer el sentido de nacionalidad y los valores de hermandad en la comunidad, sin importar las ideolog\u00edas pol\u00edticas.<\/p>\n<h6> 2012-02-18 12:38:40 <\/h6>\n<p><!--\n<link rel=\"stylesheet\" href=\"css\/bootstrap.min.css\">\n\n\n<ul class=\"pagination\">\n\t    \n\t\n\n<li >\n\t<a href='?page_no=17908'>Previous<\/a>\n\t<\/li>\n\n\n       \n    \n\n<li><a href='?page_no=1'>1<\/a><\/li>\n\n\n\n<li><a href='?page_no=2'>2<\/a><\/li>\n\n\n\n<li><a>...<\/a><\/li>\n\n\n\n<li><a href='?page_no=17907'>17907<\/a><\/li>\n\n\n\n<li><a href='?page_no=17908'>17908<\/a><\/li>\n\n\n\n<li class='active'><a>17909<\/a><\/li>\n\n\n\n<li><a href='?page_no=17910'>17910<\/a><\/li>\n\n\n\n<li><a href='?page_no=17911'>17911<\/a><\/li>\n\n\n\n<li><a>...<\/a><\/li>\n\n\n\n<li><a href='?page_no=22911'>22911<\/a><\/li>\n\n\n\n<li><a href='?page_no=22912'>22912<\/a><\/li>\n\n    \n\t\n\n<li >\n\t<a href='?page_no=17910'>Next<\/a>\n\t<\/li>\n\n\n    \n\n<li><a href='?page_no=22912'>Last &rsaquo;&rsaquo;<\/a><\/li>\n\n<\/ul>\n\n\n--><br \/>\n<\/body><\/p>\n","protected":false},"excerpt":{"rendered":"<p>San Juan, Puerto Rico, 18 febrero.- El consulado dominicano y la Oficina de Turismo de la Rep\u00fablica Dominicana en San Juan anunciaron hoy una amplia agenda de actividades que se realizar\u00e1n desde este domingo con motivo del 168 aniversario de la independencia de ese pa\u00eds y que reunir\u00e1n a distintos sectores de la di\u00e1spora residente [&hellip;]<\/p>\n","protected":false},"author":3,"featured_media":0,"comment_status":"open","ping_status":"open","sticky":false,"template":"","format":"standard","meta":{"footnotes":""},"categories":[21],"tags":[],"class_list":["post-66231","post","type-post","status-publish","format-standard","hentry","category-cultura"],"_links":{"self":[{"href":"https:\/\/diariodominicano.com\/index.php?rest_route=\/wp\/v2\/posts\/66231","targetHints":{"allow":["GET"]}}],"collection":[{"href":"https:\/\/diariodominicano.com\/index.php?rest_route=\/wp\/v2\/posts"}],"about":[{"href":"https:\/\/diariodominicano.com\/index.php?rest_route=\/wp\/v2\/types\/post"}],"author":[{"embeddable":true,"href":"https:\/\/diariodominicano.com\/index.php?rest_route=\/wp\/v2\/users\/3"}],"replies":[{"embeddable":true,"href":"https:\/\/diariodominicano.com\/index.php?rest_route=%2Fwp%2Fv2%2Fcomments&post=66231"}],"version-history":[{"count":0,"href":"https:\/\/diariodominicano.com\/index.php?rest_route=\/wp\/v2\/posts\/66231\/revisions"}],"wp:attachment":[{"href":"https:\/\/diariodominicano.com\/index.php?rest_route=%2Fwp%2Fv2%2Fmedia&parent=66231"}],"wp:term":[{"taxonomy":"category","embeddable":true,"href":"https:\/\/diariodominicano.com\/index.php?rest_route=%2Fwp%2Fv2%2Fcategories&post=66231"},{"taxonomy":"post_tag","embeddable":true,"href":"https:\/\/diariodominicano.com\/index.php?rest_route=%2Fwp%2Fv2%2Ftags&post=66231"}],"curies":[{"name":"wp","href":"https:\/\/api.w.org\/{rel}","templated":true}]}}