{"id":66230,"date":"2012-02-18T13:35:26","date_gmt":"2012-02-18T13:35:26","guid":{"rendered":"http:\/\/diariodominicano.ddns.net\/?p=66230"},"modified":"2012-02-18T13:35:26","modified_gmt":"2012-02-18T13:35:26","slug":"a-punto-de-concluir-su-primera-etapa-feria-del-libro-cuba-2012","status":"publish","type":"post","link":"https:\/\/diariodominicano.com\/?p=66230","title":{"rendered":"&#13;A punto de concluir su primera etapa feria del libro Cuba 2012"},"content":{"rendered":"<p><body><\/p>\n<p><span class=\"text1noticias\">La Habana, 18 febrero (PL) .- A un d\u00eda de concluir su fase habanera, la 21 Feria Internacional del Libro Cuba 2012 avanzar\u00e1 hoy a buen ritmo con m\u00e1s de una veintena de t\u00edtulos nuevos y la asistencia de la escritora cubana-puertorrique\u00f1a Mayra Montero y el franc\u00e9s Salim Lamrani.<\/span><\/p>\n<\/p>\n<p><span class=\"text1noticias\">Montero ser\u00e1 la personalidad invitada al espacio Encuentro con.., en el que se pondr\u00e1 a la venta su m\u00e1s reciente libro El caballero de la flauta, en el que narra la historia de una cubana con Francisco de Miranda, uno de los precursores de la independencia de Am\u00e9rica Latina, en 1786.<\/span><\/p>\n<\/p>\n<p><span class=\"text1noticias\">Mientras, Lamrani acercar\u00e1 a los lectores a su texto Cuba, lo que los medios no dir\u00e1n jam\u00e1s, en el que pone al descubierto las campa\u00f1as medi\u00e1ticas de las transnacionales de la informaci\u00f3n para desinformar y manipular a las grandes masas seg\u00fan sus intereses.<\/span><\/p>\n<\/p>\n<p><span class=\"text1noticias\">Durante su pen\u00faltimo cap\u00edtulo habanero, la feria propone adem\u00e1s t\u00edtulos de diversos g\u00e9neros como Mis sue\u00f1os no tendr\u00e1n fronteras, con textos del guerrillero argentino-cubano Ernesto Che Guevara y La \u00faltima lucha de Lenin, edici\u00f3n conjunta del sello estadounidense Pathfinder y la editora cubana Ciencias Sociales.<\/span><\/p>\n<\/p>\n<p><span class=\"text1noticias\">Un ciclo sobre los Premios Nobel de la regi\u00f3n, con un panel en homenaje al poeta Saint-John Perse, concluir\u00e1 en la sala Nuestra Am\u00e9rica, destinada a los pueblos del Caribe, invitados de honor.<\/span><\/p>\n<\/p>\n<p><span class=\"text1noticias\">En ese mismo sitio sesionar\u00e1 la conferencia La poes\u00eda puertorrique\u00f1a escrita durante la Guerra fr\u00eda, en la que intervendr\u00e1 la intelectual Mara Pastor, de la Universidad de Michigan, Estados Unidos.<\/span><\/p>\n<\/p>\n<p><span class=\"text1noticias\">La jornada sabatina cerrar\u00e1 por todo lo alto con un concierto en la antigua Fortaleza San Carlos de la Caba\u00f1a del colombiano Andr\u00e9s Cabas, quien regalar\u00e1 a los asistentes su mezcla de pop rock y ritmos aut\u00f3ctonos de las costas caribe\u00f1as como la cumbia, el fandango, el porro y el chamba<\/span>.<\/p>\n<h6> 2012-02-18 13:35:26 <\/h6>\n<p><!--\n<link rel=\"stylesheet\" href=\"css\/bootstrap.min.css\">\n\n\n<ul class=\"pagination\">\n\t    \n\t\n\n<li >\n\t<a href='?page_no=17907'>Previous<\/a>\n\t<\/li>\n\n\n       \n    \n\n<li><a href='?page_no=1'>1<\/a><\/li>\n\n\n\n<li><a href='?page_no=2'>2<\/a><\/li>\n\n\n\n<li><a>...<\/a><\/li>\n\n\n\n<li><a href='?page_no=17906'>17906<\/a><\/li>\n\n\n\n<li><a href='?page_no=17907'>17907<\/a><\/li>\n\n\n\n<li class='active'><a>17908<\/a><\/li>\n\n\n\n<li><a href='?page_no=17909'>17909<\/a><\/li>\n\n\n\n<li><a href='?page_no=17910'>17910<\/a><\/li>\n\n\n\n<li><a>...<\/a><\/li>\n\n\n\n<li><a href='?page_no=22911'>22911<\/a><\/li>\n\n\n\n<li><a href='?page_no=22912'>22912<\/a><\/li>\n\n    \n\t\n\n<li >\n\t<a href='?page_no=17909'>Next<\/a>\n\t<\/li>\n\n\n    \n\n<li><a href='?page_no=22912'>Last &rsaquo;&rsaquo;<\/a><\/li>\n\n<\/ul>\n\n\n--><br \/>\n<\/body><\/p>\n","protected":false},"excerpt":{"rendered":"<p>La Habana, 18 febrero (PL) .- A un d\u00eda de concluir su fase habanera, la 21 Feria Internacional del Libro Cuba 2012 avanzar\u00e1 hoy a buen ritmo con m\u00e1s de una veintena de t\u00edtulos nuevos y la asistencia de la escritora cubana-puertorrique\u00f1a Mayra Montero y el franc\u00e9s Salim Lamrani. Montero ser\u00e1 la personalidad invitada al [&hellip;]<\/p>\n","protected":false},"author":3,"featured_media":0,"comment_status":"open","ping_status":"open","sticky":false,"template":"","format":"standard","meta":{"footnotes":""},"categories":[21],"tags":[],"class_list":["post-66230","post","type-post","status-publish","format-standard","hentry","category-cultura"],"_links":{"self":[{"href":"https:\/\/diariodominicano.com\/index.php?rest_route=\/wp\/v2\/posts\/66230","targetHints":{"allow":["GET"]}}],"collection":[{"href":"https:\/\/diariodominicano.com\/index.php?rest_route=\/wp\/v2\/posts"}],"about":[{"href":"https:\/\/diariodominicano.com\/index.php?rest_route=\/wp\/v2\/types\/post"}],"author":[{"embeddable":true,"href":"https:\/\/diariodominicano.com\/index.php?rest_route=\/wp\/v2\/users\/3"}],"replies":[{"embeddable":true,"href":"https:\/\/diariodominicano.com\/index.php?rest_route=%2Fwp%2Fv2%2Fcomments&post=66230"}],"version-history":[{"count":0,"href":"https:\/\/diariodominicano.com\/index.php?rest_route=\/wp\/v2\/posts\/66230\/revisions"}],"wp:attachment":[{"href":"https:\/\/diariodominicano.com\/index.php?rest_route=%2Fwp%2Fv2%2Fmedia&parent=66230"}],"wp:term":[{"taxonomy":"category","embeddable":true,"href":"https:\/\/diariodominicano.com\/index.php?rest_route=%2Fwp%2Fv2%2Fcategories&post=66230"},{"taxonomy":"post_tag","embeddable":true,"href":"https:\/\/diariodominicano.com\/index.php?rest_route=%2Fwp%2Fv2%2Ftags&post=66230"}],"curies":[{"name":"wp","href":"https:\/\/api.w.org\/{rel}","templated":true}]}}