{"id":66229,"date":"2012-02-18T14:29:49","date_gmt":"2012-02-18T14:29:49","guid":{"rendered":"http:\/\/diariodominicano.ddns.net\/?p=66229"},"modified":"2012-02-18T14:29:49","modified_gmt":"2012-02-18T14:29:49","slug":"miles-de-personas-inundan-el-centro-de-rio-de-janeiro-en-desfiles-de-carnaval","status":"publish","type":"post","link":"https:\/\/diariodominicano.com\/?p=66229","title":{"rendered":"&#13;Miles de personas inundan el centro de R\u00edo de Janeiro en desfiles de carnaval"},"content":{"rendered":"<p><body><\/p>\n<p><span class=\"text1noticias\">R\u00edo de Janeiro, Brasil, 18 febrero.- Cientos de miles de personas han inundado hoy el centro de R\u00edo de Janeiro en los multitudinarios desfiles callejeros del carnaval, animados por bandas de samba y tonadillas tradicionales brasile\u00f1as.<\/span><\/p>\n<p><span class=\"text1noticias\"> <\/span><\/p>\n<p><span class=\"text1noticias\">La banda C\u00e9u na Terra (Cielo en la Tierra) fue una de las m\u00e1s madrugadoras y ha salido por el barrio de Santa Teresa con los primeros rayos de sol, para empalmar con las fiestas que hab\u00edan comenzado la noche del viernes.<\/span><\/p>\n<p><span class=\"text1noticias\"> <\/span><\/p>\n<p><span class=\"text1noticias\">Esta tradicional comparsa nunca avisa del horario de su desfile para evitar aglomeraciones excesivas en las callejuelas estrechas, empedradas e inclinadas de este barrio bohemio, considerado como un reducto de artistas en el coraz\u00f3n de R\u00edo de Janeiro.<\/span><\/p>\n<p><span class=\"text1noticias\"> <\/span><\/p>\n<p><span class=\"text1noticias\">Este a\u00f1o ha sorprendido lo madrugador de la banda, que comenz\u00f3 la fiesta algo antes de las 7.00 de la ma\u00f1ana (9.00 GMT), horario en el que ya se congregaban a su alrededor miles de personas disfrazadas, para disfrutar con las canciones m\u00e1s alegres y tradicionales del carnaval carioca.<\/span><\/p>\n<p><span class=\"text1noticias\"> <\/span><\/p>\n<p><span class=\"text1noticias\">Tres horas despu\u00e9s del inicio de la fiesta, todav\u00eda hab\u00eda cientos de personas disfrazadas escalando las abruptas laderas del barrio para unirse a esta fiesta.<\/span><\/p>\n<p><span class=\"text1noticias\"> <\/span><\/p>\n<p><span class=\"text1noticias\">Piratas, pitufos, payasos, novias, trogloditas, bailarinas \u00e1rabes y \u00abamy winehouses\u00bb daban colorido al desfile, donde tampoco faltaban pistolas de agua, cerveza y tubos de caipirinha congelada para amenizar el calor.<\/span><\/p>\n<p><span class=\"text1noticias\"> <\/span><\/p>\n<p><span class=\"text1noticias\">Hasta el a\u00f1o pasado la orquesta del C\u00e9u na Terra sal\u00eda tradicionalmente abordo de uno de los centenarios tranv\u00edas amarillos que circulaban por el barrio de Santa Teresa hasta que su servicio fue suspendido el pasado agosto por un grave accidente con seis muertos y cerca de 50 heridos.<\/span><\/p>\n<p><span class=\"text1noticias\"> <\/span><\/p>\n<p><span class=\"text1noticias\">La banda homenaje\u00f3 hoy al tranv\u00eda, que era un icono del barrio y uno de los atractivos tur\u00edsticos de R\u00edo, al desfilar con una r\u00e9plica de cart\u00f3n, pintado con el mismo color amarillo y decorado con corazones y flores.<\/span><\/p>\n<p><span class=\"text1noticias\"> <\/span><\/p>\n<p><span class=\"text1noticias\">Coincidiendo con el final de este desfile, en el centro de R\u00edo se aguardaba el inicio de la fiesta de la banda Cord\u00e3o da Bola Preta, al que se espera la asistencia de cerca de dos millones de personas<\/span>.<\/p>\n<\/p>\n<h6> 2012-02-18 14:29:49 <\/h6>\n<p><!--\n<link rel=\"stylesheet\" href=\"css\/bootstrap.min.css\">\n\n\n<ul class=\"pagination\">\n\t    \n\t\n\n<li >\n\t<a href='?page_no=17906'>Previous<\/a>\n\t<\/li>\n\n\n       \n    \n\n<li><a href='?page_no=1'>1<\/a><\/li>\n\n\n\n<li><a href='?page_no=2'>2<\/a><\/li>\n\n\n\n<li><a>...<\/a><\/li>\n\n\n\n<li><a href='?page_no=17905'>17905<\/a><\/li>\n\n\n\n<li><a href='?page_no=17906'>17906<\/a><\/li>\n\n\n\n<li class='active'><a>17907<\/a><\/li>\n\n\n\n<li><a href='?page_no=17908'>17908<\/a><\/li>\n\n\n\n<li><a href='?page_no=17909'>17909<\/a><\/li>\n\n\n\n<li><a>...<\/a><\/li>\n\n\n\n<li><a href='?page_no=22911'>22911<\/a><\/li>\n\n\n\n<li><a href='?page_no=22912'>22912<\/a><\/li>\n\n    \n\t\n\n<li >\n\t<a href='?page_no=17908'>Next<\/a>\n\t<\/li>\n\n\n    \n\n<li><a href='?page_no=22912'>Last &rsaquo;&rsaquo;<\/a><\/li>\n\n<\/ul>\n\n\n--><br \/>\n<\/body><\/p>\n","protected":false},"excerpt":{"rendered":"<p>R\u00edo de Janeiro, Brasil, 18 febrero.- Cientos de miles de personas han inundado hoy el centro de R\u00edo de Janeiro en los multitudinarios desfiles callejeros del carnaval, animados por bandas de samba y tonadillas tradicionales brasile\u00f1as. La banda C\u00e9u na Terra (Cielo en la Tierra) fue una de las m\u00e1s madrugadoras y ha salido por [&hellip;]<\/p>\n","protected":false},"author":3,"featured_media":0,"comment_status":"open","ping_status":"open","sticky":false,"template":"","format":"standard","meta":{"footnotes":""},"categories":[21],"tags":[],"class_list":["post-66229","post","type-post","status-publish","format-standard","hentry","category-cultura"],"_links":{"self":[{"href":"https:\/\/diariodominicano.com\/index.php?rest_route=\/wp\/v2\/posts\/66229","targetHints":{"allow":["GET"]}}],"collection":[{"href":"https:\/\/diariodominicano.com\/index.php?rest_route=\/wp\/v2\/posts"}],"about":[{"href":"https:\/\/diariodominicano.com\/index.php?rest_route=\/wp\/v2\/types\/post"}],"author":[{"embeddable":true,"href":"https:\/\/diariodominicano.com\/index.php?rest_route=\/wp\/v2\/users\/3"}],"replies":[{"embeddable":true,"href":"https:\/\/diariodominicano.com\/index.php?rest_route=%2Fwp%2Fv2%2Fcomments&post=66229"}],"version-history":[{"count":0,"href":"https:\/\/diariodominicano.com\/index.php?rest_route=\/wp\/v2\/posts\/66229\/revisions"}],"wp:attachment":[{"href":"https:\/\/diariodominicano.com\/index.php?rest_route=%2Fwp%2Fv2%2Fmedia&parent=66229"}],"wp:term":[{"taxonomy":"category","embeddable":true,"href":"https:\/\/diariodominicano.com\/index.php?rest_route=%2Fwp%2Fv2%2Fcategories&post=66229"},{"taxonomy":"post_tag","embeddable":true,"href":"https:\/\/diariodominicano.com\/index.php?rest_route=%2Fwp%2Fv2%2Ftags&post=66229"}],"curies":[{"name":"wp","href":"https:\/\/api.w.org\/{rel}","templated":true}]}}