{"id":66227,"date":"2012-02-18T16:22:02","date_gmt":"2012-02-18T16:22:02","guid":{"rendered":"http:\/\/diariodominicano.ddns.net\/?p=66227"},"modified":"2012-02-18T16:22:02","modified_gmt":"2012-02-18T16:22:02","slug":"funglode-y-el-archivo-de-la-nacion-presentan-coleccion-del-escritor-bernardo-vega","status":"publish","type":"post","link":"https:\/\/diariodominicano.com\/?p=66227","title":{"rendered":"&#13;Funglode y el Archivo de la Naci\u00f3n presentan colecci\u00f3n del escritor Bernardo Vega"},"content":{"rendered":"<p><body><\/p>\n<p><span class=\"text1noticias\">Santo Domingo, RD 18 febrero.- La Fundaci\u00f3n Global Democracia y Desarrollo (Funglode) y el Archivo General de la Naci\u00f3n (AGN) presentaron anoche el archivo hist\u00f3rico digital del historiador y economista, Bernardo Vega, en una ceremonia encabezada por el presidente Leonel Fern\u00e1ndez.<\/span><\/p>\n<\/p>\n<p><span class=\"text1noticias\">Previo al acto, Fern\u00e1ndez fue abordado por reporteros, y en primer lugar agradeci\u00f3 el gesto del historiador Bernardo Vega y lo felicit\u00f3 por el importante acervo documental que a lo largo de m\u00e1s de tres d\u00e9cadas de investigaci\u00f3n ha logrado recopilar.<\/span><\/p>\n<\/p>\n<p><span class=\"text1noticias\">Destac\u00f3 que Vega ha logrado una recopilaci\u00f3n que resulta fundamental para entender la historia de Rep\u00fablica Dominicana, en especial lo atinente a la relaci\u00f3n con Estados Unidos.<\/span><\/p>\n<\/p>\n<p><span class=\"text1noticias\">\u00abDurante muchos a\u00f1os el licenciado Vega ha estado realizando una exhaustiva labor de investigaci\u00f3n en diferentes archivos de los Estados Unidos, la Biblioteca Kennedy y la Biblioteca Jonhson\u00bb, dijo, al tiempo de agregar que ese trabajo ha dado como resultado una compilacion de incalculable valor hist\u00f3rico.<\/span><\/p>\n<\/p>\n<p><span class=\"text1noticias\">Fern\u00e1ndez destac\u00f3 que por medio de la tecnolog\u00eda ese material est\u00e1 disponible al p\u00fablico, lo cual calific\u00f3 como un servicio importante de democratizaci\u00f3n de la informaci\u00f3n y del conocimiento. A\u00f1adi\u00f3 que ese aporte de Bernardo Vega contribuir\u00e1 a que los historiadores del futuro puedan acceder a una fuente de informaci\u00f3n que hasta ahora hab\u00eda estado limitada. \u00abLa Colecci\u00f3n Bernardo Vega\u00bb podr\u00e1 ser consultada en l\u00ednea desde los portales de Funglode y del AGN.<\/span><\/p>\n<\/p>\n<p><span class=\"text1noticias\">En su presentaci\u00f3n, Vega afirm\u00f3 que esta colecci\u00f3n constituye un acervo de primer orden para conocer la historia dominicana de los siglos XIX y XX.<\/span><\/p>\n<\/p>\n<p><span class=\"text1noticias\">Indic\u00f3 que la documentaci\u00f3n tambi\u00e9n se refiere especialmente a las relaciones diplom\u00e1ticas de Rep\u00fablica Dominicana con pa\u00edses como Estados Unidos, Hait\u00ed, Cuba, Venezuela e Inglaterra.<\/span><\/p>\n<\/p>\n<p><span class=\"text1noticias\">La colecci\u00f3n de documentos que Vega puso al alcance del p\u00fablico forma parte de un proyecto que su Fundaci\u00f3n Cultural Dominicana inici\u00f3 con Funglode y el AGN en agosto de 2006, con el apoyo de AES y el Puerto Multimodal Caucedo.<\/span><\/p>\n<\/p>\n<p><span class=\"text1noticias\">Todos los documentos de la \u00abColecci\u00f3n Bernardo Vega\u00bb, pueden leerse y descargarse desde las p\u00e1ginas www.funglode.org y www.agn.gov.do.<\/span><\/p>\n<\/p>\n<p><span class=\"text1noticias\">Esta colecci\u00f3n digital contiene informaci\u00f3n sobre los primeros gobiernos republicanos; la primera intervenci\u00f3n norteamericana (1916-1924), el gobierno de Horacio V\u00e1squez (1924-1930), la dictadura de Rafael Leonidas Trujillo (1930-1961), el Consejo de Estado (1962), el gobierno de Juan Bosch (1963), el Triunvirato (1964-1965), la Guerra Civil (1965) y los primeros a\u00f1os de los gobiernos de Joaqu\u00edn Balaguer.<\/span><\/p>\n<\/p>\n<p><span class=\"text1noticias\">Se puede tener acceso a documentaci\u00f3n relativa a asuntos del comercio, como leyes de patentes, aranceles, importaci\u00f3n, exportaci\u00f3n, comercio mar\u00edtimo, como la Convenci\u00f3n Dom\u00ednico-Americana de 1907 y 1924.<\/span><\/p>\n<\/p>\n<p><span class=\"text1noticias\">La colecci\u00f3n la componen documentos como cartas, oficios, informes e inventarios, entre otros<\/span>.<\/p>\n<\/p>\n<h6> 2012-02-18 16:22:02 <\/h6>\n<p><!--\n<link rel=\"stylesheet\" href=\"css\/bootstrap.min.css\">\n\n\n<ul class=\"pagination\">\n\t    \n\t\n\n<li >\n\t<a href='?page_no=17904'>Previous<\/a>\n\t<\/li>\n\n\n       \n    \n\n<li><a href='?page_no=1'>1<\/a><\/li>\n\n\n\n<li><a href='?page_no=2'>2<\/a><\/li>\n\n\n\n<li><a>...<\/a><\/li>\n\n\n\n<li><a href='?page_no=17903'>17903<\/a><\/li>\n\n\n\n<li><a href='?page_no=17904'>17904<\/a><\/li>\n\n\n\n<li class='active'><a>17905<\/a><\/li>\n\n\n\n<li><a href='?page_no=17906'>17906<\/a><\/li>\n\n\n\n<li><a href='?page_no=17907'>17907<\/a><\/li>\n\n\n\n<li><a>...<\/a><\/li>\n\n\n\n<li><a href='?page_no=22911'>22911<\/a><\/li>\n\n\n\n<li><a href='?page_no=22912'>22912<\/a><\/li>\n\n    \n\t\n\n<li >\n\t<a href='?page_no=17906'>Next<\/a>\n\t<\/li>\n\n\n    \n\n<li><a href='?page_no=22912'>Last &rsaquo;&rsaquo;<\/a><\/li>\n\n<\/ul>\n\n\n--><br \/>\n<\/body><\/p>\n","protected":false},"excerpt":{"rendered":"<p>Santo Domingo, RD 18 febrero.- La Fundaci\u00f3n Global Democracia y Desarrollo (Funglode) y el Archivo General de la Naci\u00f3n (AGN) presentaron anoche el archivo hist\u00f3rico digital del historiador y economista, Bernardo Vega, en una ceremonia encabezada por el presidente Leonel Fern\u00e1ndez. Previo al acto, Fern\u00e1ndez fue abordado por reporteros, y en primer lugar agradeci\u00f3 el [&hellip;]<\/p>\n","protected":false},"author":3,"featured_media":0,"comment_status":"open","ping_status":"open","sticky":false,"template":"","format":"standard","meta":{"footnotes":""},"categories":[21],"tags":[],"class_list":["post-66227","post","type-post","status-publish","format-standard","hentry","category-cultura"],"_links":{"self":[{"href":"https:\/\/diariodominicano.com\/index.php?rest_route=\/wp\/v2\/posts\/66227","targetHints":{"allow":["GET"]}}],"collection":[{"href":"https:\/\/diariodominicano.com\/index.php?rest_route=\/wp\/v2\/posts"}],"about":[{"href":"https:\/\/diariodominicano.com\/index.php?rest_route=\/wp\/v2\/types\/post"}],"author":[{"embeddable":true,"href":"https:\/\/diariodominicano.com\/index.php?rest_route=\/wp\/v2\/users\/3"}],"replies":[{"embeddable":true,"href":"https:\/\/diariodominicano.com\/index.php?rest_route=%2Fwp%2Fv2%2Fcomments&post=66227"}],"version-history":[{"count":0,"href":"https:\/\/diariodominicano.com\/index.php?rest_route=\/wp\/v2\/posts\/66227\/revisions"}],"wp:attachment":[{"href":"https:\/\/diariodominicano.com\/index.php?rest_route=%2Fwp%2Fv2%2Fmedia&parent=66227"}],"wp:term":[{"taxonomy":"category","embeddable":true,"href":"https:\/\/diariodominicano.com\/index.php?rest_route=%2Fwp%2Fv2%2Fcategories&post=66227"},{"taxonomy":"post_tag","embeddable":true,"href":"https:\/\/diariodominicano.com\/index.php?rest_route=%2Fwp%2Fv2%2Ftags&post=66227"}],"curies":[{"name":"wp","href":"https:\/\/api.w.org\/{rel}","templated":true}]}}