{"id":66226,"date":"2012-02-18T16:28:30","date_gmt":"2012-02-18T16:28:30","guid":{"rendered":"http:\/\/diariodominicano.ddns.net\/?p=66226"},"modified":"2012-02-18T16:28:30","modified_gmt":"2012-02-18T16:28:30","slug":"todo-listo-para-maraton-de-lectura-con-la-particion-de-930-jovenes","status":"publish","type":"post","link":"https:\/\/diariodominicano.com\/?p=66226","title":{"rendered":"&#13;Todo listo para marat\u00f3n de lectura con la partici\u00f3n de 930 j\u00f3venes"},"content":{"rendered":"<p><body><\/p>\n<p><span class=\"text1noticias\">Santo Domingo, RD 18 febrero.- El Ministerio de la Juventud iniciar\u00e1 el pr\u00f3ximo lunes el segundo marat\u00f3n juvenil de lectura 2012, con laparticipaci\u00f3n de 930 j\u00f3venes de todo el pa\u00eds que leer\u00e1n durante mil horas continuas en voz alta.<\/span><\/p>\n<\/p>\n<p><span class=\"text1noticias\">El anuncio fue hecho por el ministro de la Juventud, Franklin Rodr\u00edguez, quien explic\u00f3 que el marat\u00f3n se iniciar\u00e1 a las 7:00 de la noche en Pedernales y concluir\u00e1 el 2 de abril en el Distrito Nacional, bajo el lema \u00abPor amor a Dios y a la Patria\u00bb.<\/span><\/p>\n<\/p>\n<p><span class=\"text1noticias\">En esta ocasi\u00f3n, seis j\u00f3venes por cada uno de los 155 municipios del pa\u00eds, leer\u00e1n durante 42 d\u00edas ininterrumpidos la Biblia y la Constituci\u00f3n de la Rep\u00fablica, como una forma de fortalecer la fe y los valores patrios en la juventud dominicana.<\/span><\/p>\n<\/p>\n<p><span class=\"text1noticias\">Los participantes fueron seleccionados por la Pastoral Juvenil, el Codue Juvenil, la Iglesia Adventista y el Ministerio de Educaci\u00f3n, a trav\u00e9s de los distritos educativos y las asociaciones de estudiantes.<\/span><\/p>\n<\/p>\n<p><span class=\"text1noticias\">En julio pasado cinco j\u00f3venes de la provincia Valverde leyeron de forma continua por 365 horas y 39 segundos, estableciendo una nueva marca mundial en el libro de R\u00e9cords Guinnes. Por esta haza\u00f1a Rep\u00fablica Dominicana fue certificado como el \u00abel pa\u00eds que m\u00e1s lee en el mundo en equipo, en voz alta y de manera ininterrumpida\u00bb.<\/span><\/p>\n<\/p>\n<p><span class=\"text1noticias\">El funcionario dijo que el objetivo fundamental del proyecto es lograr que los j\u00f3venes de Rep\u00fablica Dominicana se enamoren de la lectura.<\/span><\/p>\n<\/p>\n<p><span class=\"text1noticias\">Rodr\u00edguez explic\u00f3 que aunque el R\u00e9cord Guinnes no ten\u00eda una modalidad establecida para reconocer este proceso que llevar\u00e1 a cabo el Ministerio de la Juventud, el jueves recibieron la noticia desde Londres de que fue creada una modalidad para poder certificar a los participantes en este marat\u00f3n con otro r\u00e9cord educativo.<\/span><\/p>\n<\/p>\n<p><span class=\"text1noticias\">Dijo que el grupo de seis j\u00f3venes que representar\u00e1 a cada municipio en el Marat\u00f3n de Lectura 2012 quedar\u00e1 constituido formalmente como el C\u00edrculo de J\u00f3venes Lectores, para promover la lectura en cada una de sus demarcaciones.<\/span><\/p>\n<\/p>\n<p><span class=\"text1noticias\">Un equipo t\u00e9cnico del Ministerio supervisar\u00e1 el programa, integrado por Jos\u00e9 Alberto Blanco, director ejecutivo; Cristian Beltr\u00e9, coordinador administrativo; Gerson Dom\u00ednguez, encargado de log\u00edstica, y Amaury Romero, director operativo.<\/span><\/p>\n<\/p>\n<p><span class=\"text1noticias\">El marat\u00f3n fue anunciado en una rueda de prensa en la que participaron el padre Luis Rosario, de la Pastoral Juvenil; Jos\u00e9 Tejada, de Codue Juvenil; Jos\u00e9 Alberto Blanco, director ejecutivo del mismo, y los j\u00f3venes del Primer Marat\u00f3n de Lectura.<\/span><\/p>\n<\/p>\n<p><span class=\"text1noticias\">nisterio de la Juventud tendr\u00e1 a su cargo la supervisi\u00f3n del programa, el cual estar\u00e1 integrado por Jos\u00e9 Alberto Blanco, director ejecutivo, Cristian Beltre, coordinador administrativo, Gerson Dom\u00ednguez, encargado de log\u00edstica, y Amaury Romero, director operativo<\/span>.<\/p>\n<\/p>\n<h6> 2012-02-18 16:28:30 <\/h6>\n<p><!--\n<link rel=\"stylesheet\" href=\"css\/bootstrap.min.css\">\n\n\n<ul class=\"pagination\">\n\t    \n\t\n\n<li >\n\t<a href='?page_no=17903'>Previous<\/a>\n\t<\/li>\n\n\n       \n    \n\n<li><a href='?page_no=1'>1<\/a><\/li>\n\n\n\n<li><a href='?page_no=2'>2<\/a><\/li>\n\n\n\n<li><a>...<\/a><\/li>\n\n\n\n<li><a href='?page_no=17902'>17902<\/a><\/li>\n\n\n\n<li><a href='?page_no=17903'>17903<\/a><\/li>\n\n\n\n<li class='active'><a>17904<\/a><\/li>\n\n\n\n<li><a href='?page_no=17905'>17905<\/a><\/li>\n\n\n\n<li><a href='?page_no=17906'>17906<\/a><\/li>\n\n\n\n<li><a>...<\/a><\/li>\n\n\n\n<li><a href='?page_no=22911'>22911<\/a><\/li>\n\n\n\n<li><a href='?page_no=22912'>22912<\/a><\/li>\n\n    \n\t\n\n<li >\n\t<a href='?page_no=17905'>Next<\/a>\n\t<\/li>\n\n\n    \n\n<li><a href='?page_no=22912'>Last &rsaquo;&rsaquo;<\/a><\/li>\n\n<\/ul>\n\n\n--><br \/>\n<\/body><\/p>\n","protected":false},"excerpt":{"rendered":"<p>Santo Domingo, RD 18 febrero.- El Ministerio de la Juventud iniciar\u00e1 el pr\u00f3ximo lunes el segundo marat\u00f3n juvenil de lectura 2012, con laparticipaci\u00f3n de 930 j\u00f3venes de todo el pa\u00eds que leer\u00e1n durante mil horas continuas en voz alta. El anuncio fue hecho por el ministro de la Juventud, Franklin Rodr\u00edguez, quien explic\u00f3 que el [&hellip;]<\/p>\n","protected":false},"author":3,"featured_media":0,"comment_status":"open","ping_status":"open","sticky":false,"template":"","format":"standard","meta":{"footnotes":""},"categories":[21],"tags":[],"class_list":["post-66226","post","type-post","status-publish","format-standard","hentry","category-cultura"],"_links":{"self":[{"href":"https:\/\/diariodominicano.com\/index.php?rest_route=\/wp\/v2\/posts\/66226","targetHints":{"allow":["GET"]}}],"collection":[{"href":"https:\/\/diariodominicano.com\/index.php?rest_route=\/wp\/v2\/posts"}],"about":[{"href":"https:\/\/diariodominicano.com\/index.php?rest_route=\/wp\/v2\/types\/post"}],"author":[{"embeddable":true,"href":"https:\/\/diariodominicano.com\/index.php?rest_route=\/wp\/v2\/users\/3"}],"replies":[{"embeddable":true,"href":"https:\/\/diariodominicano.com\/index.php?rest_route=%2Fwp%2Fv2%2Fcomments&post=66226"}],"version-history":[{"count":0,"href":"https:\/\/diariodominicano.com\/index.php?rest_route=\/wp\/v2\/posts\/66226\/revisions"}],"wp:attachment":[{"href":"https:\/\/diariodominicano.com\/index.php?rest_route=%2Fwp%2Fv2%2Fmedia&parent=66226"}],"wp:term":[{"taxonomy":"category","embeddable":true,"href":"https:\/\/diariodominicano.com\/index.php?rest_route=%2Fwp%2Fv2%2Fcategories&post=66226"},{"taxonomy":"post_tag","embeddable":true,"href":"https:\/\/diariodominicano.com\/index.php?rest_route=%2Fwp%2Fv2%2Ftags&post=66226"}],"curies":[{"name":"wp","href":"https:\/\/api.w.org\/{rel}","templated":true}]}}