{"id":66225,"date":"2012-02-18T18:49:59","date_gmt":"2012-02-18T18:49:59","guid":{"rendered":"http:\/\/diariodominicano.ddns.net\/?p=66225"},"modified":"2012-02-18T18:49:59","modified_gmt":"2012-02-18T18:49:59","slug":"minc-e-infotep-entregan-certificados-en-formacion-metodologica","status":"publish","type":"post","link":"https:\/\/diariodominicano.com\/?p=66225","title":{"rendered":"MINC e INFOTEP entregan certificados en formaci\u00f3n metodol\u00f3gica"},"content":{"rendered":"<p><body><\/p>\n<p><img decoding=\"async\" src=\"img3\/culturainfotep.JPG\" \/>  <\/p>\n<p><span class=\"text1noticias\">Rep.Dom, 18 de Febrero.- La Direcci\u00f3n de Formaci\u00f3n y Capacitaci\u00f3n del Ministerio de Cultura (MINC) y el Instituto de Formaci\u00f3n T\u00e9cnico Profesional (INFOTEP) entregaron certificados a colaboradores del MINC.<\/span><\/p>\n<p><span class=\"text1noticias\"> <\/span><\/p>\n<p><span class=\"text1noticias\">Los 29 participantes realizaron el curso taller \u00abFormaci\u00f3n Metodol\u00f3gica para Facilitadores\u00bb, cuyo objetivo fue capacitar profesionales para que tengan la competencia necesaria de transmitir conocimientos. Fue impartido por el profesor Santos Moreta, de la Direcci\u00f3n General de Formaci\u00f3n y Capacitaci\u00f3n Virtual de INFOTEP.<\/span><\/p>\n<p><span class=\"text1noticias\"> <\/span><\/p>\n<p><span class=\"text1noticias\">El acto estuvo presidido por el viceministro de Desarrollo Institucional, Mateo Morrison, el Coordinador Nacional de Formaci\u00f3n Virtual, Alexis de la Rosa, la Directora de Formaci\u00f3n y Capacitaci\u00f3n del MINC, Rosa Elena Rodr\u00edguez y la Directora de la Compa\u00f1\u00eda L\u00edrica, Ondina Matos.<\/span><\/p>\n<p><span class=\"text1noticias\"> <\/span><\/p>\n<p><span class=\"text1noticias\">Las palabras de bienvenida estuvieron a cargo de Rosa Elena Rodr\u00edguez; mientras que el discurso central fue pronunciado por Alexis de la Rosa, Coordinador Nacional de Formaci\u00f3n Virtual del INFOTEP.<\/span><\/p>\n<p><span class=\"text1noticias\"> <\/span><\/p>\n<p><span class=\"text1noticias\">\u00abEl reto m\u00e1s grande de una entidad es su funcionamiento eficaz y, como Ministerio de Cultura que cumple con roles de servicio al ciudadano, que incluyen la formaci\u00f3n y capacitaci\u00f3n especializada, este es solo un granito de arena colocado al pie de una gran monta\u00f1a que espera ser escalada\u00bb, manifest\u00f3 Rodr\u00edguez.<\/span><\/p>\n<p><span class=\"text1noticias\"> <\/span><\/p>\n<p><span class=\"text1noticias\">Aurora Andreina Jim\u00e9nez Soto expres\u00f3 las palabras de agradecimiento en nombre de los participantes. El acto culmin\u00f3 con la presentaci\u00f3n art\u00edstica de Ondina Matos, de la Compa\u00f1\u00eda L\u00edrica Nacional<\/span>.<\/p>\n<h6> 2012-02-18 18:49:59 <\/h6>\n<p><!--\n<link rel=\"stylesheet\" href=\"css\/bootstrap.min.css\">\n\n\n<ul class=\"pagination\">\n\t    \n\t\n\n<li >\n\t<a href='?page_no=17902'>Previous<\/a>\n\t<\/li>\n\n\n       \n    \n\n<li><a href='?page_no=1'>1<\/a><\/li>\n\n\n\n<li><a href='?page_no=2'>2<\/a><\/li>\n\n\n\n<li><a>...<\/a><\/li>\n\n\n\n<li><a href='?page_no=17901'>17901<\/a><\/li>\n\n\n\n<li><a href='?page_no=17902'>17902<\/a><\/li>\n\n\n\n<li class='active'><a>17903<\/a><\/li>\n\n\n\n<li><a href='?page_no=17904'>17904<\/a><\/li>\n\n\n\n<li><a href='?page_no=17905'>17905<\/a><\/li>\n\n\n\n<li><a>...<\/a><\/li>\n\n\n\n<li><a href='?page_no=22911'>22911<\/a><\/li>\n\n\n\n<li><a href='?page_no=22912'>22912<\/a><\/li>\n\n    \n\t\n\n<li >\n\t<a href='?page_no=17904'>Next<\/a>\n\t<\/li>\n\n\n    \n\n<li><a href='?page_no=22912'>Last &rsaquo;&rsaquo;<\/a><\/li>\n\n<\/ul>\n\n\n--><br \/>\n<\/body><\/p>\n","protected":false},"excerpt":{"rendered":"<p>Rep.Dom, 18 de Febrero.- La Direcci\u00f3n de Formaci\u00f3n y Capacitaci\u00f3n del Ministerio de Cultura (MINC) y el Instituto de Formaci\u00f3n T\u00e9cnico Profesional (INFOTEP) entregaron certificados a colaboradores del MINC. Los 29 participantes realizaron el curso taller \u00abFormaci\u00f3n Metodol\u00f3gica para Facilitadores\u00bb, cuyo objetivo fue capacitar profesionales para que tengan la competencia necesaria de transmitir conocimientos. Fue [&hellip;]<\/p>\n","protected":false},"author":3,"featured_media":0,"comment_status":"open","ping_status":"open","sticky":false,"template":"","format":"standard","meta":{"footnotes":""},"categories":[21],"tags":[],"class_list":["post-66225","post","type-post","status-publish","format-standard","hentry","category-cultura"],"_links":{"self":[{"href":"https:\/\/diariodominicano.com\/index.php?rest_route=\/wp\/v2\/posts\/66225","targetHints":{"allow":["GET"]}}],"collection":[{"href":"https:\/\/diariodominicano.com\/index.php?rest_route=\/wp\/v2\/posts"}],"about":[{"href":"https:\/\/diariodominicano.com\/index.php?rest_route=\/wp\/v2\/types\/post"}],"author":[{"embeddable":true,"href":"https:\/\/diariodominicano.com\/index.php?rest_route=\/wp\/v2\/users\/3"}],"replies":[{"embeddable":true,"href":"https:\/\/diariodominicano.com\/index.php?rest_route=%2Fwp%2Fv2%2Fcomments&post=66225"}],"version-history":[{"count":0,"href":"https:\/\/diariodominicano.com\/index.php?rest_route=\/wp\/v2\/posts\/66225\/revisions"}],"wp:attachment":[{"href":"https:\/\/diariodominicano.com\/index.php?rest_route=%2Fwp%2Fv2%2Fmedia&parent=66225"}],"wp:term":[{"taxonomy":"category","embeddable":true,"href":"https:\/\/diariodominicano.com\/index.php?rest_route=%2Fwp%2Fv2%2Fcategories&post=66225"},{"taxonomy":"post_tag","embeddable":true,"href":"https:\/\/diariodominicano.com\/index.php?rest_route=%2Fwp%2Fv2%2Ftags&post=66225"}],"curies":[{"name":"wp","href":"https:\/\/api.w.org\/{rel}","templated":true}]}}