{"id":66224,"date":"2012-02-18T20:18:30","date_gmt":"2012-02-18T20:18:30","guid":{"rendered":"http:\/\/diariodominicano.ddns.net\/?p=66224"},"modified":"2012-02-18T20:18:30","modified_gmt":"2012-02-18T20:18:30","slug":"unev-auspicia-el-expo-congreso-cultural-cristiano","status":"publish","type":"post","link":"https:\/\/diariodominicano.com\/?p=66224","title":{"rendered":"UNEV  auspicia  el expo congreso cultural cristiano"},"content":{"rendered":"<p><body><\/p>\n<p><img decoding=\"async\" src=\"img3\/unev.JPG\" \/>  <\/p>\n<p><span class=\"text1noticias\">Rep.Dom, 18 de Febrero.- La Universidad Nacional Evang\u00e9lica (UNEV)  esta auspiciando  el primer Expo congreso Cultural Cristiano, reafirmando con esto los valores que definen  su misi\u00f3n  como academia de formar una generaci\u00f3n de hombres y mujeres, \u00edntegros comprometidos con los principios  del Reino de Dios. <\/span><\/p>\n<\/p>\n<p><span class=\"text1noticias\">El evento con diez d\u00edas de duraci\u00f3n en el que se presentaran conferencias  con destacados oradores nacionales e internacionales,  propone  proyectar las diversas manifestaciones que  sostienen la identidad del pueblo evang\u00e9lico, ser\u00e1 celebrado a partir del viernes 17 de febrero hasta el 27 del presente mes en el Centro de Convenciones de la  Gran Comisi\u00f3n en la zona de Herrera.<\/span><\/p>\n<\/p>\n<p><span class=\"text1noticias\">El rector de la UNEV explico  que  como academia se siente honrado de apoyar este  encuentro con el arte y  la cultura donde se fortalecer\u00e1  la identidad evang\u00e9lica, al tiempo que sirve para contrarrestar la violencia, drogadicci\u00f3n,  desintegraci\u00f3n familiar. \u00a8Es una actividad que beneficiara a la iglesia  y a la comunidad en sentido general  y establecer\u00e1 cambios a l interno de la conciencia de las iglesias\u00a8. A\u00f1adi\u00f3  el licenciado Salustiano Mojica, representante de la academia cristiana.<\/span><\/p>\n<\/p>\n<p><span class=\"text1noticias\">Entre los conferencistas internacionales que participaran en el evento figuran: V\u00edctor Rey, Ricardo Luna, Andr\u00e9s Panasiuk, Celso William Chignoli, y Jos\u00e9 Gonz\u00e1lez, todos reconocidos ministros cristianos con especialidades en temas de ni\u00f1ez, familia, sociedad y otros temas de inter\u00e9s socio-espiritual. <\/span><\/p>\n<\/p>\n<p><span class=\"text1noticias\">Del pa\u00eds estar\u00e1n  participando como expositores  el licenciado Salustiano Mojica, rector de la academia,  Fidel Lorenzo, presidente del Consejo Dominicano de Unidad Evang\u00e9lica(Codue), Gilda Peralta , presidenta del Consejo Nacional de Confraternidades de Pastores(Conacope), Braulio Portes, pastor de la Iglesia de la Cristianizaci\u00f3n Nacional, Miguel Garc\u00eda, superintendente de las Asambleas de Dios, Elvis Samuel Medina, obispo nacional de la iglesia de Dios,  la pastora  y comunicadora Lucy Cosme. Adem\u00e1s los pastores Santiago Ponciano del Tabern\u00e1culo de Adoraci\u00f3n, Otto S\u00e1nchez, pastor de la iglesia Bautista Ozama, y  Yasser Rivas, entre otros.  <\/span><\/p>\n<\/p>\n<p><span class=\"text1noticias\">El Expo congreso Cultural Cristiano se define como un movimiento que asume la tarea de promover el pensamiento y el quehacer cristiano y los valores fundamentales de la vida como una contracultura de transformaci\u00f3n  integral, enfoc\u00e1ndose  en resaltar la literatura y expresiones culturales y art\u00edsticas del pueblo cristiano. Adem\u00e1s proveer los canales apropiados para transferir los valores esenciales del cristianismo  que ayuden a producir desarrollo sostenible en la familia.<\/span><\/p>\n<\/p>\n<\/p>\n<h6> 2012-02-18 20:18:30 <\/h6>\n<p><!--\n<link rel=\"stylesheet\" href=\"css\/bootstrap.min.css\">\n\n\n<ul class=\"pagination\">\n\t    \n\t\n\n<li >\n\t<a href='?page_no=17901'>Previous<\/a>\n\t<\/li>\n\n\n       \n    \n\n<li><a href='?page_no=1'>1<\/a><\/li>\n\n\n\n<li><a href='?page_no=2'>2<\/a><\/li>\n\n\n\n<li><a>...<\/a><\/li>\n\n\n\n<li><a href='?page_no=17900'>17900<\/a><\/li>\n\n\n\n<li><a href='?page_no=17901'>17901<\/a><\/li>\n\n\n\n<li class='active'><a>17902<\/a><\/li>\n\n\n\n<li><a href='?page_no=17903'>17903<\/a><\/li>\n\n\n\n<li><a href='?page_no=17904'>17904<\/a><\/li>\n\n\n\n<li><a>...<\/a><\/li>\n\n\n\n<li><a href='?page_no=22911'>22911<\/a><\/li>\n\n\n\n<li><a href='?page_no=22912'>22912<\/a><\/li>\n\n    \n\t\n\n<li >\n\t<a href='?page_no=17903'>Next<\/a>\n\t<\/li>\n\n\n    \n\n<li><a href='?page_no=22912'>Last &rsaquo;&rsaquo;<\/a><\/li>\n\n<\/ul>\n\n\n--><br \/>\n<\/body><\/p>\n","protected":false},"excerpt":{"rendered":"<p>Rep.Dom, 18 de Febrero.- La Universidad Nacional Evang\u00e9lica (UNEV) esta auspiciando el primer Expo congreso Cultural Cristiano, reafirmando con esto los valores que definen su misi\u00f3n como academia de formar una generaci\u00f3n de hombres y mujeres, \u00edntegros comprometidos con los principios del Reino de Dios. El evento con diez d\u00edas de duraci\u00f3n en el que [&hellip;]<\/p>\n","protected":false},"author":3,"featured_media":0,"comment_status":"open","ping_status":"open","sticky":false,"template":"","format":"standard","meta":{"footnotes":""},"categories":[21],"tags":[],"class_list":["post-66224","post","type-post","status-publish","format-standard","hentry","category-cultura"],"_links":{"self":[{"href":"https:\/\/diariodominicano.com\/index.php?rest_route=\/wp\/v2\/posts\/66224","targetHints":{"allow":["GET"]}}],"collection":[{"href":"https:\/\/diariodominicano.com\/index.php?rest_route=\/wp\/v2\/posts"}],"about":[{"href":"https:\/\/diariodominicano.com\/index.php?rest_route=\/wp\/v2\/types\/post"}],"author":[{"embeddable":true,"href":"https:\/\/diariodominicano.com\/index.php?rest_route=\/wp\/v2\/users\/3"}],"replies":[{"embeddable":true,"href":"https:\/\/diariodominicano.com\/index.php?rest_route=%2Fwp%2Fv2%2Fcomments&post=66224"}],"version-history":[{"count":0,"href":"https:\/\/diariodominicano.com\/index.php?rest_route=\/wp\/v2\/posts\/66224\/revisions"}],"wp:attachment":[{"href":"https:\/\/diariodominicano.com\/index.php?rest_route=%2Fwp%2Fv2%2Fmedia&parent=66224"}],"wp:term":[{"taxonomy":"category","embeddable":true,"href":"https:\/\/diariodominicano.com\/index.php?rest_route=%2Fwp%2Fv2%2Fcategories&post=66224"},{"taxonomy":"post_tag","embeddable":true,"href":"https:\/\/diariodominicano.com\/index.php?rest_route=%2Fwp%2Fv2%2Ftags&post=66224"}],"curies":[{"name":"wp","href":"https:\/\/api.w.org\/{rel}","templated":true}]}}