{"id":66223,"date":"2012-02-19T14:58:01","date_gmt":"2012-02-19T14:58:01","guid":{"rendered":"http:\/\/diariodominicano.ddns.net\/?p=66223"},"modified":"2012-02-19T14:58:01","modified_gmt":"2012-02-19T14:58:01","slug":"profesor-espanol-ofrece-charla-sobre-marketing-docente","status":"publish","type":"post","link":"https:\/\/diariodominicano.com\/?p=66223","title":{"rendered":"Profesor espa\u00f1ol ofrece charla sobre marketing docente&#13;"},"content":{"rendered":"<p><body><\/p>\n<p><img decoding=\"async\" src=\"http:\/\/localhost:8080\/img3\/profesorespa%C3%83%C2%B1ol.JPG\" \/>  <\/p>\n<p><span class=\"text1noticias\">Rep.Dom, 19 de Febrero.- La Universidad Odontol\u00f3gica Dominicana, U. O. D., en colaboraci\u00f3n con los colegios Villas Del Mar Internacional School y Jerome Bruner, presentaron la Charla \u00abMarketing Docente\u00bb dictada magistralmente por el profesor Jorge Barr\u00f3n, autor del libro \u00ab+ q docentes\u00bb basado en esa tendencia educativa actual.<\/span><\/p>\n<p><span class=\"text1noticias\"> <\/span><\/p>\n<p><span class=\"text1noticias\">El Marketing Docente es un nuevo concepto metodol\u00f3gico que se apoya en la filosof\u00eda del marketing gen\u00e9rico para ponerse al lado de cualquier docente y educador,  proporcion\u00e1ndole una herramienta pr\u00e1ctica, \u00fatil y muy atractiva para alcanzar los objetivos que como maestro tiene por delante.  Basado en ese contexto ideol\u00f3gico el profesor Jorge Barr\u00f3n desarrollo su ponencia.<\/span><\/p>\n<p><span class=\"text1noticias\"> <\/span><\/p>\n<p><span class=\"text1noticias\">En sinton\u00eda con su tema central, Marketing Docente, el expositor enfatiz\u00f3 que, en el proceso de ense\u00f1anza y aprendizaje,  se pueden utilizar algunos de los mecanismos de la comunicaci\u00f3n.  Destac\u00f3 que \u00abel docente es el patrimonio com\u00fan de todas las sociedades\u00bb ya que la \u00abmisi\u00f3n educativa es fundamental porque nuestros actos educan al resto\u00bb, agreg\u00f3.<\/span><\/p>\n<p><span class=\"text1noticias\"> <\/span><\/p>\n<p><span class=\"text1noticias\">Otro aspecto tratado por Barr\u00f3n fue hacia la calidad de la docencia y la carrera docente. Resalt\u00f3 que \u00abgracias a la educaci\u00f3n, los pa\u00edses  evolucionan\u00bb. \u00b4\u00b4Todos sabemos que existen m\u00faltiples factores que pueden afectar el aprendizaje de un estudiante. Por eso, continua explicando que \u00abel profesor est\u00e1 en contacto directo con sus estudiantes\u00bb. Por lo tanto, se debe \u00abdotar al docente de herramientas para superar las barreras\u00bb con las que se pueda encontrar en su quehacer diario\u00b4\u00b4, afirm\u00f3.<\/span><\/p>\n<p><span class=\"text1noticias\"> <\/span><\/p>\n<p><span class=\"text1noticias\">\u00ab\u00a1Necesitamos docentes que sirvan!\u00bb, parece casi un grito de desesperaci\u00f3n y muy a tono con la urgente necesidad de crear conciencia y sensibilizaci\u00f3n a la carrera docente.<\/span><\/p>\n<p><span class=\"text1noticias\">Estamos perdiendo la Fe en lo que hacemos. Son los mismos maestros los que deben procurar ese cambio. Es importante que se reconozca como una profesi\u00f3n digna y valiosa, generadora de recursos humanos y potenciales ciudadanos. Es claro y evidente que, seg\u00fan Jorge Barr\u00f3n, tiene una \u00abtrascendencia total en el desarrollo de la sociedad\u00bb.<\/span><\/p>\n<p><span class=\"text1noticias\"> <\/span><\/p>\n<p><span class=\"text1noticias\">A charla asistieron directores de centros educativos de los niveles Inicial, B\u00e1sico y Medio, as\u00ed como profesores y orientadores de esos centros. Tambi\u00e9n asistieron  los docentes y directiva de la UOD a quienes les fue dedicada la charla. La Universidad Odontol\u00f3gica Dominicana est\u00e1 inmersa en la construcci\u00f3n de su modelo pedag\u00f3gico y esta actividad es parte de la formaci\u00f3n continua<\/span>.<\/p>\n<\/p>\n<h6> 2012-02-19 14:58:01 <\/h6>\n<p><!--\n<link rel=\"stylesheet\" href=\"css\/bootstrap.min.css\">\n\n\n<ul class=\"pagination\">\n\t    \n\t\n\n<li >\n\t<a href='?page_no=17900'>Previous<\/a>\n\t<\/li>\n\n\n       \n    \n\n<li><a href='?page_no=1'>1<\/a><\/li>\n\n\n\n<li><a href='?page_no=2'>2<\/a><\/li>\n\n\n\n<li><a>...<\/a><\/li>\n\n\n\n<li><a href='?page_no=17899'>17899<\/a><\/li>\n\n\n\n<li><a href='?page_no=17900'>17900<\/a><\/li>\n\n\n\n<li class='active'><a>17901<\/a><\/li>\n\n\n\n<li><a href='?page_no=17902'>17902<\/a><\/li>\n\n\n\n<li><a href='?page_no=17903'>17903<\/a><\/li>\n\n\n\n<li><a>...<\/a><\/li>\n\n\n\n<li><a href='?page_no=22911'>22911<\/a><\/li>\n\n\n\n<li><a href='?page_no=22912'>22912<\/a><\/li>\n\n    \n\t\n\n<li >\n\t<a href='?page_no=17902'>Next<\/a>\n\t<\/li>\n\n\n    \n\n<li><a href='?page_no=22912'>Last &rsaquo;&rsaquo;<\/a><\/li>\n\n<\/ul>\n\n\n--><br \/>\n<\/body><\/p>\n","protected":false},"excerpt":{"rendered":"<p>Rep.Dom, 19 de Febrero.- La Universidad Odontol\u00f3gica Dominicana, U. O. D., en colaboraci\u00f3n con los colegios Villas Del Mar Internacional School y Jerome Bruner, presentaron la Charla \u00abMarketing Docente\u00bb dictada magistralmente por el profesor Jorge Barr\u00f3n, autor del libro \u00ab+ q docentes\u00bb basado en esa tendencia educativa actual. El Marketing Docente es un nuevo concepto [&hellip;]<\/p>\n","protected":false},"author":3,"featured_media":0,"comment_status":"open","ping_status":"open","sticky":false,"template":"","format":"standard","meta":{"footnotes":""},"categories":[21],"tags":[],"class_list":["post-66223","post","type-post","status-publish","format-standard","hentry","category-cultura"],"_links":{"self":[{"href":"https:\/\/diariodominicano.com\/index.php?rest_route=\/wp\/v2\/posts\/66223","targetHints":{"allow":["GET"]}}],"collection":[{"href":"https:\/\/diariodominicano.com\/index.php?rest_route=\/wp\/v2\/posts"}],"about":[{"href":"https:\/\/diariodominicano.com\/index.php?rest_route=\/wp\/v2\/types\/post"}],"author":[{"embeddable":true,"href":"https:\/\/diariodominicano.com\/index.php?rest_route=\/wp\/v2\/users\/3"}],"replies":[{"embeddable":true,"href":"https:\/\/diariodominicano.com\/index.php?rest_route=%2Fwp%2Fv2%2Fcomments&post=66223"}],"version-history":[{"count":0,"href":"https:\/\/diariodominicano.com\/index.php?rest_route=\/wp\/v2\/posts\/66223\/revisions"}],"wp:attachment":[{"href":"https:\/\/diariodominicano.com\/index.php?rest_route=%2Fwp%2Fv2%2Fmedia&parent=66223"}],"wp:term":[{"taxonomy":"category","embeddable":true,"href":"https:\/\/diariodominicano.com\/index.php?rest_route=%2Fwp%2Fv2%2Fcategories&post=66223"},{"taxonomy":"post_tag","embeddable":true,"href":"https:\/\/diariodominicano.com\/index.php?rest_route=%2Fwp%2Fv2%2Ftags&post=66223"}],"curies":[{"name":"wp","href":"https:\/\/api.w.org\/{rel}","templated":true}]}}