{"id":66222,"date":"2012-02-19T16:42:34","date_gmt":"2012-02-19T16:42:34","guid":{"rendered":"http:\/\/diariodominicano.ddns.net\/?p=66222"},"modified":"2012-02-19T16:42:34","modified_gmt":"2012-02-19T16:42:34","slug":"charla-de-juan-bolivar-diaz-en-barahona-constituyo-un-exito","status":"publish","type":"post","link":"https:\/\/diariodominicano.com\/?p=66222","title":{"rendered":"Charla de Juan Bol\u00edvar D\u00edaz en Barahona constituy\u00f3 un \u00e9xito"},"content":{"rendered":"<p><body><\/p>\n<p><img decoding=\"async\" src=\"img3\/Charla Juan Bolivar.JPG\" \/>  <\/p>\n<p><span class=\"text1noticias\">Rep.Dom, 19 de Febrero.- Constituy\u00f3 un rotundo \u00e9xito, la charla que realiz\u00f3 en esta ciudad, el periodista Juan Bol\u00edvar D\u00edaz, que estuvo dirigida periodistas, comunicadores, estudiantes y profesores de Comunicaci\u00f3n Social.<\/span><\/p>\n<p><span class=\"text1noticias\"> <\/span><\/p>\n<p><span class=\"text1noticias\">La actividad fue organizada por las seccionales del Colegio Dominicano de Periodistas (CDP) y el Sindicato Nacional de Trabajadores de la Prensa (SNTP).<\/span><\/p>\n<p><span class=\"text1noticias\"> <\/span><\/p>\n<p><span class=\"text1noticias\">Asimismo, por Participaci\u00f3n Ciudadana, el Centro de Asistencia Jur\u00eddica (Ceajuri), con el auspicio de Interm\u00f3n Oxfam y Govern de les Illes Balears.<\/span><\/p>\n<p><span class=\"text1noticias\"> <\/span><\/p>\n<p><span class=\"text1noticias\"> La actividad que tuvo como titulo \u00bb La Comunicaci\u00f3n al Servicio del Desarrollo, Rol del Comunicador\u00bb, fue realizada en el auditorio Antonio M\u00e9ndez de la Universidad Aut\u00f3noma de Santo Domingo (UASD), recinto Barahona.<\/span><\/p>\n<p><span class=\"text1noticias\"> <\/span><\/p>\n<p><span class=\"text1noticias\">El periodista D\u00edaz, narr\u00f3 parte de su vida period\u00edstica, y los peligros que pas\u00f3 en el r\u00e9gimen de los 12 a\u00f1os de los Gobiernos del fallecido, doctor Joaqu\u00edn Balaguer.<\/span><\/p>\n<p><span class=\"text1noticias\"> <\/span><\/p>\n<p><span class=\"text1noticias\">El comunicador fue sometido a preguntas de los participantes, las cuales fueron contentadas magistralmente por el director de prensa de Tele-Antillas y el tele matutino Uno-Uno.<\/span><\/p>\n<\/p>\n<p><span class=\"text1noticias\">Asistieron, el rector del recinto Barahona de la UASD , licenciado Isa\u00edas Zorrilla Fern\u00e1ndez, Alcibiades Moreta de Ceajuri, Teuddy A. S\u00e1nchez del CDP y Alejandro Santana del SNTP.<\/span><\/p>\n<p><span class=\"text1noticias\"> <\/span><\/p>\n<p><span class=\"text1noticias\">Adem\u00e1s de Manuel de la Cruz , Alsy Pimentel, Alfredo  F\u00e9liz L\u00f3pez, F\u00e9lix Betances, Pablo Betances, Benny Rodr\u00edguez, Miriam P\u00e9rez Rodr\u00edguez, Jos\u00e9 Corniel, N\u00e9stor de Jes\u00fas Laurens y Reylin Danilo F\u00e9liz.<\/span><\/p>\n<p><span class=\"text1noticias\"> <\/span><\/p>\n<p><span class=\"text1noticias\">Asimismo, Ram\u00f3n Moreta, Hidalgo Rocha, Daniel Urbaez, Ketty F\u00e9liz, Carlos Batista, Kenia Novas, Emma P\u00e9rez, Neuridin P\u00e9rez, Mario P\u00e9rez, Amaury Trinidad, Elpidio S\u00e1nchez y V\u00edctor Jim\u00e9nez.<\/span><\/p>\n<p><span class=\"text1noticias\"> <\/span><\/p>\n<p><span class=\"text1noticias\">Tambi\u00e9n, Vierka S\u00e1nchez, F\u00e1tima de Le\u00f3n, Richart Israel Rodr\u00edguez, Stiward Carrasco Nin, Ruth Leonor Gonz\u00e1lez entre otros<\/span>.<\/p>\n<h6> 2012-02-19 16:42:34 <\/h6>\n<p><!--\n<link rel=\"stylesheet\" href=\"css\/bootstrap.min.css\">\n\n\n<ul class=\"pagination\">\n\t    \n\t\n\n<li >\n\t<a href='?page_no=17899'>Previous<\/a>\n\t<\/li>\n\n\n       \n    \n\n<li><a href='?page_no=1'>1<\/a><\/li>\n\n\n\n<li><a href='?page_no=2'>2<\/a><\/li>\n\n\n\n<li><a>...<\/a><\/li>\n\n\n\n<li><a href='?page_no=17898'>17898<\/a><\/li>\n\n\n\n<li><a href='?page_no=17899'>17899<\/a><\/li>\n\n\n\n<li class='active'><a>17900<\/a><\/li>\n\n\n\n<li><a href='?page_no=17901'>17901<\/a><\/li>\n\n\n\n<li><a href='?page_no=17902'>17902<\/a><\/li>\n\n\n\n<li><a>...<\/a><\/li>\n\n\n\n<li><a href='?page_no=22911'>22911<\/a><\/li>\n\n\n\n<li><a href='?page_no=22912'>22912<\/a><\/li>\n\n    \n\t\n\n<li >\n\t<a href='?page_no=17901'>Next<\/a>\n\t<\/li>\n\n\n    \n\n<li><a href='?page_no=22912'>Last &rsaquo;&rsaquo;<\/a><\/li>\n\n<\/ul>\n\n\n--><br \/>\n<\/body><\/p>\n","protected":false},"excerpt":{"rendered":"<p>Rep.Dom, 19 de Febrero.- Constituy\u00f3 un rotundo \u00e9xito, la charla que realiz\u00f3 en esta ciudad, el periodista Juan Bol\u00edvar D\u00edaz, que estuvo dirigida periodistas, comunicadores, estudiantes y profesores de Comunicaci\u00f3n Social. La actividad fue organizada por las seccionales del Colegio Dominicano de Periodistas (CDP) y el Sindicato Nacional de Trabajadores de la Prensa (SNTP). Asimismo, [&hellip;]<\/p>\n","protected":false},"author":3,"featured_media":0,"comment_status":"open","ping_status":"open","sticky":false,"template":"","format":"standard","meta":{"footnotes":""},"categories":[21],"tags":[],"class_list":["post-66222","post","type-post","status-publish","format-standard","hentry","category-cultura"],"_links":{"self":[{"href":"https:\/\/diariodominicano.com\/index.php?rest_route=\/wp\/v2\/posts\/66222","targetHints":{"allow":["GET"]}}],"collection":[{"href":"https:\/\/diariodominicano.com\/index.php?rest_route=\/wp\/v2\/posts"}],"about":[{"href":"https:\/\/diariodominicano.com\/index.php?rest_route=\/wp\/v2\/types\/post"}],"author":[{"embeddable":true,"href":"https:\/\/diariodominicano.com\/index.php?rest_route=\/wp\/v2\/users\/3"}],"replies":[{"embeddable":true,"href":"https:\/\/diariodominicano.com\/index.php?rest_route=%2Fwp%2Fv2%2Fcomments&post=66222"}],"version-history":[{"count":0,"href":"https:\/\/diariodominicano.com\/index.php?rest_route=\/wp\/v2\/posts\/66222\/revisions"}],"wp:attachment":[{"href":"https:\/\/diariodominicano.com\/index.php?rest_route=%2Fwp%2Fv2%2Fmedia&parent=66222"}],"wp:term":[{"taxonomy":"category","embeddable":true,"href":"https:\/\/diariodominicano.com\/index.php?rest_route=%2Fwp%2Fv2%2Fcategories&post=66222"},{"taxonomy":"post_tag","embeddable":true,"href":"https:\/\/diariodominicano.com\/index.php?rest_route=%2Fwp%2Fv2%2Ftags&post=66222"}],"curies":[{"name":"wp","href":"https:\/\/api.w.org\/{rel}","templated":true}]}}