{"id":66221,"date":"2012-02-19T20:30:57","date_gmt":"2012-02-19T20:30:57","guid":{"rendered":"http:\/\/diariodominicano.ddns.net\/?p=66221"},"modified":"2012-02-19T20:30:57","modified_gmt":"2012-02-19T20:30:57","slug":"carnaval-dominicano-vida-e-historia-en-las-calles","status":"publish","type":"post","link":"https:\/\/diariodominicano.com\/?p=66221","title":{"rendered":"Carnaval dominicano, vida e historia en las calles"},"content":{"rendered":"<p><body><\/p>\n<p><span class=\"text1noticias\">Santo Domingo, RD 19 febrero(PL) .- El carnaval dominicano comienza en febrero y se extiende hasta mayo, con caras distintas seg\u00fan las ciudades, pero la misma m\u00fasica contagiosa y vistosidad de sus disfraces, en una tradici\u00f3n renovada con el tiempo.<\/span><\/p>\n<p><span class=\"text1noticias\"> <\/span><\/p>\n<p><span class=\"text1noticias\">Si desde el siglo XVI hubo m\u00e1scaras en la ciudad de Santo Domingo, lo cierto es que la tradici\u00f3n colonial creci\u00f3 con las gestas republicanas del 27 febrero de 1844 y del 16 agosto de 1865, al punto  que casi desde entonces los carnavales se celebran en estas fechas, no importa si se encuentran fuera de la cuaresma  y por lo com\u00fan ya dentro de este per\u00edodo, que es de penitencia cristiana.<\/span><\/p>\n<p><span class=\"text1noticias\"> <\/span><\/p>\n<p><span class=\"text1noticias\">Con la intenci\u00f3n que turistas y nacionales puedan disfrutar de la fiesta popular en todas las regiones del pa\u00eds, el calendario de este a\u00f1o empieza el 19 de febrero en R\u00edo San Juan y concluir\u00e1 el 6 de mayo en Navarrete, provincia de Santiago de los Caballeros, dos semanas antes de las elecciones generales.<\/span><\/p>\n<p><span class=\"text1noticias\"> <\/span><\/p>\n<p><span class=\"text1noticias\">Muchos pueblos aprovechar\u00e1n el feriado de Semana Santa para realizar sus fiestas el S\u00e1bado de Gloria y Domingo de Resurrecci\u00f3n, 6 y 7 de abril, como Cabral en Barahona y Guerra en la Provincia de Santo Domingo.<\/span><\/p>\n<p><span class=\"text1noticias\"> <\/span><\/p>\n<p><span class=\"text1noticias\">Para empresas ceerveceras y licoreras,  adem\u00e1s de los restaurantes, hoteles y centros nocturnos, esta \u00e9poca es de mayores ventas, en tanto que para los m\u00e1s pobres constituyen momentos para olvidar sus penurias y divertirse burl\u00e1ndose de los defectos de pol\u00edticos corruptos y de la sociedad en general.<\/span><\/p>\n<p><span class=\"text1noticias\"> <\/span><\/p>\n<p><span class=\"text1noticias\">Los personajes<\/span><\/p>\n<p><span class=\"text1noticias\"> <\/span><\/p>\n<p><span class=\"text1noticias\">Desde los disfraces de diablos cojuelos, originados en la Europa medieval, con sus trajes de capa cubiertos de espejos, cascabeles y cencerros, que ridiculizan a los se\u00f1ores medievales, hasta los platanuses y otros trajes netamente africanos, se manifiesta la creatividad popular.<\/span><\/p>\n<p><span class=\"text1noticias\"> <\/span><\/p>\n<p><span class=\"text1noticias\">Roba la Gallina consiste en un personaje disfrazado (t\u00edpicamente con busto y trasero abundante) que va por los bares y comercios pidiendo para sus pollitos, que no son m\u00e1s que los j\u00f3venes del pueblo que le siguen en alborozada procesi\u00f3n.<\/span><\/p>\n<p><span class=\"text1noticias\"> <\/span><\/p>\n<p><span class=\"text1noticias\">El calif\u00e9 es un poeta critic\u00f3n, que en versos va criticando en forma jocosa a todos los personajes de la vida pol\u00edtica, social y cultural; es seguido por un coro y est\u00e1 vestido de frac y sombrero negros y  camisa blanca.<\/span><\/p>\n<p><span class=\"text1noticias\"> <\/span><\/p>\n<p><span class=\"text1noticias\">Se me muere Rebeca representa a una madre desesperada que quiere llevar de comer a su hija gravemente enferma. Va gritando todo el camino, de pronto se para, ense\u00f1a a la hija (en representaci\u00f3n una mu\u00f1eca), mientras un coro le va respondiendo. Pide golosinas en los establecimientos para la hija enferma, pero realmente las reparte entre los ni\u00f1os, que la siguen con insistencia.<\/span><\/p>\n<p><span class=\"text1noticias\"> <\/span><\/p>\n<p><span class=\"text1noticias\">Los africanos son personajes pintados de negro, con carb\u00f3n y aceite quemado de carro,  y van grupos de hombres y mujeres, imitando a negros esclavos, bailando por las calles como parte del carnaval. Otros  se embadurnan de barro y se les conoce como hombres de barro, tambi\u00e9n arrollando al ritmo de la m\u00fasica.<\/span><\/p>\n<p><span class=\"text1noticias\"> <\/span><\/p>\n<p><span class=\"text1noticias\">Otros personajes son los indios, que incluyen a ni\u00f1os y adultos, imitando a los habitantes originarios de la Isla, con plumas, arcos y lanzas. La comparsa,  cuyos integrantes se visten de ind\u00edgenas, se llama la Comparsa de San Carlos, como un popular barrio de Santo Domingo.<\/span><\/p>\n<p><span class=\"text1noticias\"> <\/span><\/p>\n<p><span class=\"text1noticias\">La Muerte, com\u00fan en muchos otros carnavales, se representa como una calavera, que acompa\u00f1a tradicionalmente a los Diablos y se conoce como La muerte en Jeep.<\/span><\/p>\n<p><span class=\"text1noticias\"> <\/span><\/p>\n<p><span class=\"text1noticias\">Nicol\u00e1s Den Den en Santiago de los Caballeros y Oso Nicol\u00e1s en Montecristi es un oso acompa\u00f1ado de un domador, que va bailando y haciendo re\u00edr al p\u00fablico.<\/span><\/p>\n<p><span class=\"text1noticias\"> <\/span><\/p>\n<p><span class=\"text1noticias\">Los monos de Somonico, oriundos de Villa Duarte en Santo Domingo, es una comparsa disfrazada de monos con un traje de flecos.<\/span><\/p>\n<p><span class=\"text1noticias\"> <\/span><\/p>\n<p><span class=\"text1noticias\">Los pirul\u00edes son ni\u00f1os disfrazados con faldas hechas con flecos de coco y son oriundos de Cabral, Barahona.<\/span><\/p>\n<p><span class=\"text1noticias\"> <\/span><\/p>\n<p><span class=\"text1noticias\">Los Al\u00ed Bab\u00e1 son comparsas con motivaciones orientales, con una sincronizada coreograf\u00eda al ritmo de redoblantes y bombos, de una marcada influencia de los \u00abcocolos\u00bb (grupo \u00e9tnico inmigrante procedente de Antillas Mayores y las Bahamas) de San Pedro de Macor\u00eds.<\/span><\/p>\n<p><span class=\"text1noticias\"> <\/span><\/p>\n<p><span class=\"text1noticias\">Otros personajes propios de las fiestas dominicanas son las Marimantas, originarias de la provincia de Hato Mayor, que cubren sus cuerpos de ramas verdes con una m\u00e1scara de cuero de vaca, cubierta la cabeza con un caparaz\u00f3n que le sirve de refugio al comej\u00e9n.<\/span><\/p>\n<p><span class=\"text1noticias\"> <\/span><\/p>\n<p><span class=\"text1noticias\">As\u00ed tambi\u00e9n el doctor, los trasvestis p\u00edcaros y alegres que son hombres vestidos de mujer,  el Empapelao que no es lo mismo que el Papel\u00f3n, que va gritando \u00abA que no me quemas el papel\u00f3n\u00bb, provocando con su trasero, mientras otro personaje trata de quem\u00e1rselo.<\/span><\/p>\n<p><span class=\"text1noticias\"> <\/span><\/p>\n<p><span class=\"text1noticias\">Los galleros son t\u00edp\u00edcamente campesinos con gallos que los echan a lidiar en plena v\u00eda p\u00fablica y en medio de la pelea, llega un polic\u00eda, desbarata el juego e intenta llev\u00e1rselos presos<\/span>.<\/p>\n<\/p>\n<p>Por la amplia participaci\u00f3n popular y la gratuidad de caminar las calles, no as\u00ed los lugares desde donde se pueden apreciar mejor los desfiles, el carnaval es la fiesta preferida de los dominicanos de a pie.<\/p>\n<p>..<\/p>\n<h6> 2012-02-19 20:30:57 <\/h6>\n<p><!--\n<link rel=\"stylesheet\" href=\"css\/bootstrap.min.css\">\n\n\n<ul class=\"pagination\">\n\t    \n\t\n\n<li >\n\t<a href='?page_no=17898'>Previous<\/a>\n\t<\/li>\n\n\n       \n    \n\n<li><a href='?page_no=1'>1<\/a><\/li>\n\n\n\n<li><a href='?page_no=2'>2<\/a><\/li>\n\n\n\n<li><a>...<\/a><\/li>\n\n\n\n<li><a href='?page_no=17897'>17897<\/a><\/li>\n\n\n\n<li><a href='?page_no=17898'>17898<\/a><\/li>\n\n\n\n<li class='active'><a>17899<\/a><\/li>\n\n\n\n<li><a href='?page_no=17900'>17900<\/a><\/li>\n\n\n\n<li><a href='?page_no=17901'>17901<\/a><\/li>\n\n\n\n<li><a>...<\/a><\/li>\n\n\n\n<li><a href='?page_no=22911'>22911<\/a><\/li>\n\n\n\n<li><a href='?page_no=22912'>22912<\/a><\/li>\n\n    \n\t\n\n<li >\n\t<a href='?page_no=17900'>Next<\/a>\n\t<\/li>\n\n\n    \n\n<li><a href='?page_no=22912'>Last &rsaquo;&rsaquo;<\/a><\/li>\n\n<\/ul>\n\n\n--><br \/>\n<\/body><\/p>\n","protected":false},"excerpt":{"rendered":"<p>Santo Domingo, RD 19 febrero(PL) .- El carnaval dominicano comienza en febrero y se extiende hasta mayo, con caras distintas seg\u00fan las ciudades, pero la misma m\u00fasica contagiosa y vistosidad de sus disfraces, en una tradici\u00f3n renovada con el tiempo. Si desde el siglo XVI hubo m\u00e1scaras en la ciudad de Santo Domingo, lo cierto [&hellip;]<\/p>\n","protected":false},"author":3,"featured_media":0,"comment_status":"open","ping_status":"open","sticky":false,"template":"","format":"standard","meta":{"footnotes":""},"categories":[21],"tags":[],"class_list":["post-66221","post","type-post","status-publish","format-standard","hentry","category-cultura"],"_links":{"self":[{"href":"https:\/\/diariodominicano.com\/index.php?rest_route=\/wp\/v2\/posts\/66221","targetHints":{"allow":["GET"]}}],"collection":[{"href":"https:\/\/diariodominicano.com\/index.php?rest_route=\/wp\/v2\/posts"}],"about":[{"href":"https:\/\/diariodominicano.com\/index.php?rest_route=\/wp\/v2\/types\/post"}],"author":[{"embeddable":true,"href":"https:\/\/diariodominicano.com\/index.php?rest_route=\/wp\/v2\/users\/3"}],"replies":[{"embeddable":true,"href":"https:\/\/diariodominicano.com\/index.php?rest_route=%2Fwp%2Fv2%2Fcomments&post=66221"}],"version-history":[{"count":0,"href":"https:\/\/diariodominicano.com\/index.php?rest_route=\/wp\/v2\/posts\/66221\/revisions"}],"wp:attachment":[{"href":"https:\/\/diariodominicano.com\/index.php?rest_route=%2Fwp%2Fv2%2Fmedia&parent=66221"}],"wp:term":[{"taxonomy":"category","embeddable":true,"href":"https:\/\/diariodominicano.com\/index.php?rest_route=%2Fwp%2Fv2%2Fcategories&post=66221"},{"taxonomy":"post_tag","embeddable":true,"href":"https:\/\/diariodominicano.com\/index.php?rest_route=%2Fwp%2Fv2%2Ftags&post=66221"}],"curies":[{"name":"wp","href":"https:\/\/api.w.org\/{rel}","templated":true}]}}