{"id":66218,"date":"2012-02-20T20:26:22","date_gmt":"2012-02-20T20:26:22","guid":{"rendered":"http:\/\/diariodominicano.ddns.net\/?p=66218"},"modified":"2012-02-20T20:26:22","modified_gmt":"2012-02-20T20:26:22","slug":"cultura-continuara-respaldando-proyectos-de-manifestacion-popular","status":"publish","type":"post","link":"https:\/\/diariodominicano.com\/?p=66218","title":{"rendered":"Cultura continuar\u00e1 respaldando proyectos de manifestaci\u00f3n  popular"},"content":{"rendered":"<p><body><\/p>\n<p><img decoding=\"async\" src=\"img3\/cultura popular 2.JPG\" \/><br \/><img decoding=\"async\" src=\"img3\/Congos de Villa Mella.JPG\" \/><br \/><img decoding=\"async\" src=\"img3\/cultura popular 1.JPG\" \/>  <\/p>\n<p><span class=\"text1noticias\">SANTO DOMINGO, 20 Feb 2012.-El Ministerio de Cultura continuar\u00e1 respaldando en el 2012, como en a\u00f1os anteriores, las acciones y festividades de la cultura popular que se llevan a cabo en distintos puntos del pa\u00eds.<\/span><\/p>\n<\/p>\n<p><span class=\"text1noticias\">El anuncio lo hizo el Ministro de la cartera, Jos\u00e9 Rafael Lantigua, al presentar el calendario de apoyo a las fiestas folkl\u00f3ricas y populares para el presente a\u00f1o, en el que se han incluido nuevas manifestaciones de las tradiciones dominicanas y de la religiosidad popular.<\/span><\/p>\n<\/p>\n<p><span class=\"text1noticias\">El programa de apoyo incluye aportes para la restauraci\u00f3n de lugares de la religiosidad popular de diferentes poblados.<\/span><\/p>\n<\/p>\n<p><span class=\"text1noticias\">En marzo se celebrar\u00e1 la Fiesta del Gag\u00e1 Dahomey, en La Romana y el gran Festival del Cimarronaje, en Haina, coordinado por el gestor cultural Dar\u00edo Solano.<\/span><\/p>\n<\/p>\n<p><span class=\"text1noticias\">En abril, ser\u00e1 la Fiesta de La Dolorita en Villa Mella, y el Festival de los Congos de Mata Los Indios, mientras que en mayo se celebrar\u00e1 el Festival de Cimarr\u00f3n de Palos de Bayaguana.<\/span><\/p>\n<\/p>\n<p><span class=\"text1noticias\">La Fiesta de la Sarandunga, de Ban\u00ed, y el Festival de los Hermanos Guill\u00e9n, en Yamas\u00e1, se celebrar\u00e1n en junio, y el mes siguiente, julio, la fiesta de la Virgen del Carmen de los Asises, en San Crist\u00f3bal, y el Festival Palo Sur, de la Federaci\u00f3n Dominicana de Arte y Cultura.<\/span><\/p>\n<\/p>\n<p><span class=\"text1noticias\">La ofrenda de los toros, en Higuey, ser\u00e1 en agosto, mientras que el Festival Folkl\u00f3rico del Distrito Nacional, y la Fiesta a San Miguel, en Nigua, se realizar\u00e1n en septiembre.<\/span><\/p>\n<\/p>\n<p><span class=\"text1noticias\">En octubre, es la fiesta de la cosecha en Saman\u00e1 y el Festival Good Morning Guavaberry, de San Pedro de Macor\u00eds; en noviembre, se celebrar\u00e1 el reconocido Festival de Atabales de Sainagu\u00e1, y el Festival de San Antonio de Nigua, para terminar en diciembre, con la fiesta de La Pura y Limpia, en el poblado de Mendoza, y la fiesta liborista de los Mellizos de Palma Sola, en San Juan de la Maguana.<\/span><\/p>\n<\/p>\n<p><span class=\"text1noticias\">Aparte de estas celebraciones, el Ministerio de Cultura entregar\u00e1 aportes para sus instrumentos a grupos del municipio de San Luis, y de La Reverenda de Sabana Perdida, a m\u00e1s de restaurar los altares de La Cofrad\u00eda de Las Mercedes de B\u00e1nica, de la Cofrad\u00eda de San Miguel, de San Carlos, y de La Pi\u00f1a, en el barrio Mandinga.<\/span><\/p>\n<\/p>\n<p><span class=\"text1noticias\">\u00abEn estos \u00faltimos a\u00f1os, por primera vez en nuestra historia cultural, el gobierno a trav\u00e9s del Ministerio de Cultura ha venido respaldando consistentemente las acciones y festividades de la religiosidad popular, as\u00ed como las manifestaciones folkl\u00f3ricas de la tradici\u00f3n dominicana en distintos puntos del pa\u00eds\u00bb, declar\u00f3 Lantigua.<\/span><\/p>\n<\/p>\n<p><span class=\"text1noticias\">Agreg\u00f3 que \u00abestas acciones son parte de la pol\u00edtica cultural de car\u00e1cter integral de nuestro gobierno, como una forma de resaltar, valorar y promover estos importantes estamentos, anteriormente ignorados, del folklore y la cultura popular, a fin de que los mismos ocupen el espacio que les corresponde en nuestra din\u00e1mica cultural\u00bb.<\/span><\/p>\n<\/p>\n<p><span class=\"text1noticias\">Todo este amplio programa es dirigido por la coordinadora de apoyo a las fiestas folkl\u00f3ricas y populares del Ministerio de Cultura, que encabeza el conocido folklorista y estudioso de las manifestaciones populares, Eddy  S\u00e1nchez.<\/span><\/p>\n<\/p>\n<\/p>\n<h6> 2012-02-20 20:26:22 <\/h6>\n<p><!--\n<link rel=\"stylesheet\" href=\"css\/bootstrap.min.css\">\n\n\n<ul class=\"pagination\">\n\t    \n\t\n\n<li >\n\t<a href='?page_no=17895'>Previous<\/a>\n\t<\/li>\n\n\n       \n    \n\n<li><a href='?page_no=1'>1<\/a><\/li>\n\n\n\n<li><a href='?page_no=2'>2<\/a><\/li>\n\n\n\n<li><a>...<\/a><\/li>\n\n\n\n<li><a href='?page_no=17894'>17894<\/a><\/li>\n\n\n\n<li><a href='?page_no=17895'>17895<\/a><\/li>\n\n\n\n<li class='active'><a>17896<\/a><\/li>\n\n\n\n<li><a href='?page_no=17897'>17897<\/a><\/li>\n\n\n\n<li><a href='?page_no=17898'>17898<\/a><\/li>\n\n\n\n<li><a>...<\/a><\/li>\n\n\n\n<li><a href='?page_no=22911'>22911<\/a><\/li>\n\n\n\n<li><a href='?page_no=22912'>22912<\/a><\/li>\n\n    \n\t\n\n<li >\n\t<a href='?page_no=17897'>Next<\/a>\n\t<\/li>\n\n\n    \n\n<li><a href='?page_no=22912'>Last &rsaquo;&rsaquo;<\/a><\/li>\n\n<\/ul>\n\n\n--><br \/>\n<\/body><\/p>\n","protected":false},"excerpt":{"rendered":"<p>SANTO DOMINGO, 20 Feb 2012.-El Ministerio de Cultura continuar\u00e1 respaldando en el 2012, como en a\u00f1os anteriores, las acciones y festividades de la cultura popular que se llevan a cabo en distintos puntos del pa\u00eds. El anuncio lo hizo el Ministro de la cartera, Jos\u00e9 Rafael Lantigua, al presentar el calendario de apoyo a las [&hellip;]<\/p>\n","protected":false},"author":3,"featured_media":0,"comment_status":"open","ping_status":"open","sticky":false,"template":"","format":"standard","meta":{"footnotes":""},"categories":[21],"tags":[],"class_list":["post-66218","post","type-post","status-publish","format-standard","hentry","category-cultura"],"_links":{"self":[{"href":"https:\/\/diariodominicano.com\/index.php?rest_route=\/wp\/v2\/posts\/66218","targetHints":{"allow":["GET"]}}],"collection":[{"href":"https:\/\/diariodominicano.com\/index.php?rest_route=\/wp\/v2\/posts"}],"about":[{"href":"https:\/\/diariodominicano.com\/index.php?rest_route=\/wp\/v2\/types\/post"}],"author":[{"embeddable":true,"href":"https:\/\/diariodominicano.com\/index.php?rest_route=\/wp\/v2\/users\/3"}],"replies":[{"embeddable":true,"href":"https:\/\/diariodominicano.com\/index.php?rest_route=%2Fwp%2Fv2%2Fcomments&post=66218"}],"version-history":[{"count":0,"href":"https:\/\/diariodominicano.com\/index.php?rest_route=\/wp\/v2\/posts\/66218\/revisions"}],"wp:attachment":[{"href":"https:\/\/diariodominicano.com\/index.php?rest_route=%2Fwp%2Fv2%2Fmedia&parent=66218"}],"wp:term":[{"taxonomy":"category","embeddable":true,"href":"https:\/\/diariodominicano.com\/index.php?rest_route=%2Fwp%2Fv2%2Fcategories&post=66218"},{"taxonomy":"post_tag","embeddable":true,"href":"https:\/\/diariodominicano.com\/index.php?rest_route=%2Fwp%2Fv2%2Ftags&post=66218"}],"curies":[{"name":"wp","href":"https:\/\/api.w.org\/{rel}","templated":true}]}}